{"id":1170,"date":"2015-11-07T21:24:06","date_gmt":"2015-11-07T20:24:06","guid":{"rendered":"http:\/\/cteradmin.nazwa.pl\/wp\/?p=1170"},"modified":"2016-03-19T12:47:51","modified_gmt":"2016-03-19T11:47:51","slug":"konferencja-jezyk-trzeciego-tysiaclecia-ix","status":"publish","type":"post","link":"https:\/\/cter.edu.pl\/?p=1170","title":{"rendered":"{:pl}Konferencja Tertium (J\u0119zyk trzeciego tysi\u0105clecia IX){:}{:en}Tertium Conference{:}"},"content":{"rendered":"<p>{:pl}<\/p>\n<p style=\"text-align: justify;\"><img loading=\"lazy\" decoding=\"async\" class=\"alignleft wp-image-1171 \" src=\"http:\/\/cteradmin.nazwa.pl\/wp\/wp-content\/uploads\/2015\/11\/tertium.png\" alt=\"tertium\" width=\"182\" height=\"36\" srcset=\"https:\/\/cter.edu.pl\/wp-content\/uploads\/2015\/11\/tertium.png 329w, https:\/\/cter.edu.pl\/wp-content\/uploads\/2015\/11\/tertium-300x59.png 300w\" sizes=\"auto, (max-width: 182px) 100vw, 182px\" \/>W dniach 16-18 marca 2016 r. w siedzibie Polsiej Akademii Umiej\u0119tno\u015bci odby\u0142a si\u0119 9. edycja konferencji Krakowskiego Towarzystwa Popularyzowania Wiedzy o Komunikacji J\u0119zykowej \u201eTertium&#8221; pod has\u0142em <span style=\"color: #ff6600;\"><strong>J\u0119zyk trzeciego tysi\u0105clecia.<\/strong><\/span> Konferencja stanowi\u0142a jednocze\u015bnie okazj\u0119 do \u015bwi\u0119towania 20. rocznicy powstania towarzystwa \u201eTertium&#8221;.<\/p>\n<p style=\"text-align: justify;\">Mi\u0142o nam poinformowa\u0107, \u017ce CTER by\u0142o silnie reprezentowane przez liczn\u0105 grup\u0119 prelegent\u00f3w i uczestnik\u00f3w wydarzenia.<\/p>\n<p style=\"text-align: justify;\">Wi\u0119cej szczeg\u00f3\u0142\u00f3w na <strong><a href=\"http:\/\/tertium.edu.pl\/konferencje-tertium\/konferencja-jezyk-trzeciego-tysiaclecia-ix.html\" target=\"_blank\">stronie<\/a><\/strong> konferencji.<\/p>\n<p>{:}{:en}<\/p>\n<p style=\"text-align: justify;\"><img loading=\"lazy\" decoding=\"async\" class=\"alignleft wp-image-1171 \" src=\"http:\/\/cteradmin.nazwa.pl\/wp\/wp-content\/uploads\/2015\/11\/tertium.png\" alt=\"tertium\" width=\"182\" height=\"36\" srcset=\"https:\/\/cter.edu.pl\/wp-content\/uploads\/2015\/11\/tertium.png 329w, https:\/\/cter.edu.pl\/wp-content\/uploads\/2015\/11\/tertium-300x59.png 300w\" sizes=\"auto, (max-width: 182px) 100vw, 182px\" \/> On 16th-18th March, 2016 (Wednesday-Friday) the 9th edition of an annual conference of\u00a0Krakowskie Towarzystwo Popularyzowania Wiedzy o Komunikacji J\u0119zykowej &#8220;Tertium&#8221; was held in Cracow, at the headquarters of the Polish Academy of Arts and Sciences. The conference entitled <strong><span style=\"color: #ff6600;\">J\u0119zyk trzeciego tysi\u0105clecia <\/span><\/strong>was an opportunity to celebrate the 20th anniversary of the establishment of &#8220;Tertium&#8221;.<\/p>\n<p style=\"text-align: justify;\">We are happy to inform that CTER had a strong representation of both speakers and participants who took part in the event.<\/p>\n<p style=\"text-align: justify;\">To find out more, visit the conference <strong><a href=\"http:\/\/tertium.edu.pl\/konferencje-tertium\/konferencja-jezyk-trzeciego-tysiaclecia-ix.html\" target=\"_blank\">homepage <\/a><\/strong><span style=\"color: #000000;\"><a style=\"color: #000000;\" href=\"http:\/\/tertium.edu.pl\/konferencje-tertium\/konferencja-jezyk-trzeciego-tysiaclecia-ix.html\" target=\"_blank\">(in Polish)<\/a><\/span>.<\/p>\n<p>{:}<\/p>\n","protected":false},"excerpt":{"rendered":"<p>{:pl} W dniach 16-18 marca 2016 r. w siedzibie Polsiej Akademii Umiej\u0119tno\u015bci odby\u0142a si\u0119 9. edycja konferencji Krakowskiego Towarzystwa Popularyzowania Wiedzy o Komunikacji J\u0119zykowej \u201eTertium&#8221; pod has\u0142em J\u0119zyk trzeciego tysi\u0105clecia. Konferencja stanowi\u0142a jednocze\u015bnie okazj\u0119 do \u015bwi\u0119towania 20. rocznicy powstania towarzystwa \u201eTertium&#8221;. Mi\u0142o nam poinformowa\u0107, \u017ce CTER by\u0142o silnie reprezentowane przez liczn\u0105 grup\u0119 prelegent\u00f3w i uczestnik\u00f3w &hellip; <a href=\"https:\/\/cter.edu.pl\/?p=1170\" class=\"more-link\">Continue reading <span class=\"screen-reader-text\">{:pl}Konferencja Tertium (J\u0119zyk trzeciego tysi\u0105clecia IX){:}{:en}Tertium Conference{:}<\/span> <span class=\"meta-nav\">&rarr;<\/span><\/a><\/p>\n","protected":false},"author":1,"featured_media":0,"comment_status":"closed","ping_status":"closed","sticky":false,"template":"","format":"standard","meta":{"footnotes":""},"categories":[1],"tags":[],"class_list":["post-1170","post","type-post","status-publish","format-standard","hentry","category-bez-kategorii"],"_links":{"self":[{"href":"https:\/\/cter.edu.pl\/index.php?rest_route=\/wp\/v2\/posts\/1170","targetHints":{"allow":["GET"]}}],"collection":[{"href":"https:\/\/cter.edu.pl\/index.php?rest_route=\/wp\/v2\/posts"}],"about":[{"href":"https:\/\/cter.edu.pl\/index.php?rest_route=\/wp\/v2\/types\/post"}],"author":[{"embeddable":true,"href":"https:\/\/cter.edu.pl\/index.php?rest_route=\/wp\/v2\/users\/1"}],"replies":[{"embeddable":true,"href":"https:\/\/cter.edu.pl\/index.php?rest_route=%2Fwp%2Fv2%2Fcomments&post=1170"}],"version-history":[{"count":9,"href":"https:\/\/cter.edu.pl\/index.php?rest_route=\/wp\/v2\/posts\/1170\/revisions"}],"predecessor-version":[{"id":1173,"href":"https:\/\/cter.edu.pl\/index.php?rest_route=\/wp\/v2\/posts\/1170\/revisions\/1173"}],"wp:attachment":[{"href":"https:\/\/cter.edu.pl\/index.php?rest_route=%2Fwp%2Fv2%2Fmedia&parent=1170"}],"wp:term":[{"taxonomy":"category","embeddable":true,"href":"https:\/\/cter.edu.pl\/index.php?rest_route=%2Fwp%2Fv2%2Fcategories&post=1170"},{"taxonomy":"post_tag","embeddable":true,"href":"https:\/\/cter.edu.pl\/index.php?rest_route=%2Fwp%2Fv2%2Ftags&post=1170"}],"curies":[{"name":"wp","href":"https:\/\/api.w.org\/{rel}","templated":true}]}}