{"id":1181,"date":"2015-11-13T11:48:43","date_gmt":"2015-11-13T10:48:43","guid":{"rendered":"http:\/\/cteradmin.nazwa.pl\/wp\/?p=1181"},"modified":"2015-11-13T11:52:30","modified_gmt":"2015-11-13T10:52:30","slug":"konferencja-ptls-2016","status":"publish","type":"post","link":"https:\/\/cter.edu.pl\/?p=1181","title":{"rendered":"{:pl}Konferencja PTLS 2016{:}{:en}PTLS Conference 2016{:}"},"content":{"rendered":"<p>{:pl}<\/p>\n<p style=\"text-align: justify;\">Polskie Towarzystwo Lingwistyki Stosowanej i Instytut Komunikacji Specjalistycznej i Interkulturowej UW zapraszaj\u0105 na konferencj\u0119 naukow\u0105 Lingwistyka Stosowana 35 lat PTLS, kt\u00f3ra odb\u0119dzie si\u0119 w Warszawie w dniach 15-16 kwietnia 2016 roku.<\/p>\n<p><a style=\"text-align: justify;\" href=\"http:\/\/cteradmin.nazwa.pl\/wp\/wp-content\/uploads\/2015\/11\/PTLS-Zaproszenie-2016.pdf\">Wi\u0119cej szczeg\u00f3\u0142\u00f3w<\/a>{:}{:en}<\/p>\n<p style=\"text-align: justify;\">The Polish Association of\u00a0 Applied Linguistics (PTLS) and the Institute of Specialist and Intercultural Communication at the University of Warsaw have the pleasure to invite to a conference entitled <strong>Applied Linguistics 35 Years of PTLS<\/strong>, which will be held in Warsaw on 15th-16th April, 2016.<\/p>\n<p><a href=\"http:\/\/cteradmin.nazwa.pl\/wp\/wp-content\/uploads\/2015\/11\/PTLS-Zaproszenie-2016.pdf\">More details (in Polish)<\/a>{:}<\/p>\n","protected":false},"excerpt":{"rendered":"<p>{:pl} Polskie Towarzystwo Lingwistyki Stosowanej i Instytut Komunikacji Specjalistycznej i Interkulturowej UW zapraszaj\u0105 na konferencj\u0119 naukow\u0105 Lingwistyka Stosowana 35 lat PTLS, kt\u00f3ra odb\u0119dzie si\u0119 w Warszawie w dniach 15-16 kwietnia 2016 roku. Wi\u0119cej szczeg\u00f3\u0142\u00f3w{:}{:en} The Polish Association of\u00a0 Applied Linguistics (PTLS) and the Institute of Specialist and Intercultural Communication at the University of Warsaw have &hellip; <a href=\"https:\/\/cter.edu.pl\/?p=1181\" class=\"more-link\">Continue reading <span class=\"screen-reader-text\">{:pl}Konferencja PTLS 2016{:}{:en}PTLS Conference 2016{:}<\/span> <span class=\"meta-nav\">&rarr;<\/span><\/a><\/p>\n","protected":false},"author":1,"featured_media":0,"comment_status":"closed","ping_status":"closed","sticky":false,"template":"","format":"standard","meta":{"footnotes":""},"categories":[1],"tags":[],"class_list":["post-1181","post","type-post","status-publish","format-standard","hentry","category-bez-kategorii"],"_links":{"self":[{"href":"https:\/\/cter.edu.pl\/index.php?rest_route=\/wp\/v2\/posts\/1181","targetHints":{"allow":["GET"]}}],"collection":[{"href":"https:\/\/cter.edu.pl\/index.php?rest_route=\/wp\/v2\/posts"}],"about":[{"href":"https:\/\/cter.edu.pl\/index.php?rest_route=\/wp\/v2\/types\/post"}],"author":[{"embeddable":true,"href":"https:\/\/cter.edu.pl\/index.php?rest_route=\/wp\/v2\/users\/1"}],"replies":[{"embeddable":true,"href":"https:\/\/cter.edu.pl\/index.php?rest_route=%2Fwp%2Fv2%2Fcomments&post=1181"}],"version-history":[{"count":5,"href":"https:\/\/cter.edu.pl\/index.php?rest_route=\/wp\/v2\/posts\/1181\/revisions"}],"predecessor-version":[{"id":1184,"href":"https:\/\/cter.edu.pl\/index.php?rest_route=\/wp\/v2\/posts\/1181\/revisions\/1184"}],"wp:attachment":[{"href":"https:\/\/cter.edu.pl\/index.php?rest_route=%2Fwp%2Fv2%2Fmedia&parent=1181"}],"wp:term":[{"taxonomy":"category","embeddable":true,"href":"https:\/\/cter.edu.pl\/index.php?rest_route=%2Fwp%2Fv2%2Fcategories&post=1181"},{"taxonomy":"post_tag","embeddable":true,"href":"https:\/\/cter.edu.pl\/index.php?rest_route=%2Fwp%2Fv2%2Ftags&post=1181"}],"curies":[{"name":"wp","href":"https:\/\/api.w.org\/{rel}","templated":true}]}}