{"id":2202,"date":"2016-11-19T18:27:17","date_gmt":"2016-11-19T17:27:17","guid":{"rendered":"http:\/\/cteradmin.nazwa.pl\/wp\/?p=2202"},"modified":"2017-12-25T00:11:23","modified_gmt":"2017-12-24T23:11:23","slug":"points-of-view-in-translation-and-interpreting","status":"publish","type":"post","link":"https:\/\/cter.edu.pl\/?p=2202&lang=pl","title":{"rendered":"Konferencja Points of View 2017"},"content":{"rendered":"<p>Wydzia\u0142 Filologiczny Uniwersytetu Jagiello\u0144skiego i Katedra do Bada\u0144 nad Przek\u0142adem i Komunikacj\u0105 Mi\u0119dzykulturow\u0105 Uniwersytetu Jagiello\u0144skiego zapraszaj\u0105 na mi\u0119dzynarodow\u0105 konferencj\u0119 \u201ePoints of View in Translation and Interpreting\u201d , kt\u00f3ra odb\u0119dzie si\u0119 w Krakowie w dniach 22-23.06.2017 r.<\/p>\n<p>Szczeg\u00f3\u0142owe informacje znajduj\u0105 si\u0119 na <a href=\"http:\/\/www.pointsofview.pl\" target=\"_blank\">stronie konferencji<\/a>.<\/p>\n","protected":false},"excerpt":{"rendered":"<p>Wydzia\u0142 Filologiczny Uniwersytetu Jagiello\u0144skiego i Katedra do Bada\u0144 nad Przek\u0142adem i Komunikacj\u0105 Mi\u0119dzykulturow\u0105 Uniwersytetu Jagiello\u0144skiego zapraszaj\u0105 na mi\u0119dzynarodow\u0105 konferencj\u0119 \u201ePoints of View in Translation and Interpreting\u201d , kt\u00f3ra odb\u0119dzie si\u0119 w Krakowie w dniach 22-23.06.2017 r. Szczeg\u00f3\u0142owe informacje znajduj\u0105 si\u0119 na stronie konferencji.<\/p>\n","protected":false},"author":1,"featured_media":0,"comment_status":"closed","ping_status":"closed","sticky":false,"template":"","format":"standard","meta":{"footnotes":""},"categories":[35],"tags":[],"class_list":["post-2202","post","type-post","status-publish","format-standard","hentry","category-bez-kategorii-pl"],"_links":{"self":[{"href":"https:\/\/cter.edu.pl\/index.php?rest_route=\/wp\/v2\/posts\/2202","targetHints":{"allow":["GET"]}}],"collection":[{"href":"https:\/\/cter.edu.pl\/index.php?rest_route=\/wp\/v2\/posts"}],"about":[{"href":"https:\/\/cter.edu.pl\/index.php?rest_route=\/wp\/v2\/types\/post"}],"author":[{"embeddable":true,"href":"https:\/\/cter.edu.pl\/index.php?rest_route=\/wp\/v2\/users\/1"}],"replies":[{"embeddable":true,"href":"https:\/\/cter.edu.pl\/index.php?rest_route=%2Fwp%2Fv2%2Fcomments&post=2202"}],"version-history":[{"count":6,"href":"https:\/\/cter.edu.pl\/index.php?rest_route=\/wp\/v2\/posts\/2202\/revisions"}],"predecessor-version":[{"id":3157,"href":"https:\/\/cter.edu.pl\/index.php?rest_route=\/wp\/v2\/posts\/2202\/revisions\/3157"}],"wp:attachment":[{"href":"https:\/\/cter.edu.pl\/index.php?rest_route=%2Fwp%2Fv2%2Fmedia&parent=2202"}],"wp:term":[{"taxonomy":"category","embeddable":true,"href":"https:\/\/cter.edu.pl\/index.php?rest_route=%2Fwp%2Fv2%2Fcategories&post=2202"},{"taxonomy":"post_tag","embeddable":true,"href":"https:\/\/cter.edu.pl\/index.php?rest_route=%2Fwp%2Fv2%2Ftags&post=2202"}],"curies":[{"name":"wp","href":"https:\/\/api.w.org\/{rel}","templated":true}]}}