{"id":3556,"date":"2018-05-20T22:15:24","date_gmt":"2018-05-20T20:15:24","guid":{"rendered":"http:\/\/cteradmin.nazwa.pl\/wp\/?p=3556"},"modified":"2019-03-01T00:04:20","modified_gmt":"2019-02-28T23:04:20","slug":"drugi-kongres-cter-2019-krakow","status":"publish","type":"post","link":"https:\/\/cter.edu.pl\/?p=3556&lang=pl","title":{"rendered":"Drugi Kongres CTER 14-15 marca 2019, Krak\u00f3w"},"content":{"rendered":"<p style=\"text-align: justify;\"><img loading=\"lazy\" decoding=\"async\" class=\"size-full wp-image-3733 aligncenter\" src=\"http:\/\/cteradmin.nazwa.pl\/wp\/wp-content\/uploads\/2018\/05\/cter2019-1.png\" alt=\"cter2019\" width=\"419\" height=\"211\" srcset=\"https:\/\/cter.edu.pl\/wp-content\/uploads\/2018\/05\/cter2019-1.png 419w, https:\/\/cter.edu.pl\/wp-content\/uploads\/2018\/05\/cter2019-1-300x151.png 300w, https:\/\/cter.edu.pl\/wp-content\/uploads\/2018\/05\/cter2019-1-372x186.png 372w\" sizes=\"auto, (max-width: 419px) 100vw, 419px\" \/>Informujemy, \u017ce <strong>Drugi Kongres CTER<\/strong> ostatecznie ob\u0119dzie si\u0119 w <strong>Krakowie<\/strong> w dniach <strong>14-15 marca 2019 r.<\/strong> Przepraszamy za zmiany terminu, kt\u00f3re podyktowane by\u0142y wzgl\u0119dami organizacyjnymi. Tematem przewodnim przysz\u0142orocznej konferencji b\u0119dzie <strong><em>Z\u0142o\u017cono\u015b\u0107 i rozproszenie w dydaktyce przek\u0142adu<\/em><\/strong>.<\/p>\n<p>Wi\u0119cej szczeg\u00f3\u0142\u00f3w na <a href=\"\/cter2019\/\">stronie konferencji<\/a>.<\/p>\n","protected":false},"excerpt":{"rendered":"<p>Informujemy, \u017ce Drugi Kongres CTER ostatecznie ob\u0119dzie si\u0119 w Krakowie w dniach 14-15 marca 2019 r. Przepraszamy za zmiany terminu, kt\u00f3re podyktowane by\u0142y wzgl\u0119dami organizacyjnymi. Tematem przewodnim przysz\u0142orocznej konferencji b\u0119dzie Z\u0142o\u017cono\u015b\u0107 i rozproszenie w dydaktyce przek\u0142adu. Wi\u0119cej szczeg\u00f3\u0142\u00f3w na stronie konferencji.<\/p>\n","protected":false},"author":1,"featured_media":0,"comment_status":"closed","ping_status":"closed","sticky":false,"template":"","format":"standard","meta":{"footnotes":""},"categories":[35],"tags":[],"class_list":["post-3556","post","type-post","status-publish","format-standard","hentry","category-bez-kategorii-pl"],"_links":{"self":[{"href":"https:\/\/cter.edu.pl\/index.php?rest_route=\/wp\/v2\/posts\/3556","targetHints":{"allow":["GET"]}}],"collection":[{"href":"https:\/\/cter.edu.pl\/index.php?rest_route=\/wp\/v2\/posts"}],"about":[{"href":"https:\/\/cter.edu.pl\/index.php?rest_route=\/wp\/v2\/types\/post"}],"author":[{"embeddable":true,"href":"https:\/\/cter.edu.pl\/index.php?rest_route=\/wp\/v2\/users\/1"}],"replies":[{"embeddable":true,"href":"https:\/\/cter.edu.pl\/index.php?rest_route=%2Fwp%2Fv2%2Fcomments&post=3556"}],"version-history":[{"count":15,"href":"https:\/\/cter.edu.pl\/index.php?rest_route=\/wp\/v2\/posts\/3556\/revisions"}],"predecessor-version":[{"id":3917,"href":"https:\/\/cter.edu.pl\/index.php?rest_route=\/wp\/v2\/posts\/3556\/revisions\/3917"}],"wp:attachment":[{"href":"https:\/\/cter.edu.pl\/index.php?rest_route=%2Fwp%2Fv2%2Fmedia&parent=3556"}],"wp:term":[{"taxonomy":"category","embeddable":true,"href":"https:\/\/cter.edu.pl\/index.php?rest_route=%2Fwp%2Fv2%2Fcategories&post=3556"},{"taxonomy":"post_tag","embeddable":true,"href":"https:\/\/cter.edu.pl\/index.php?rest_route=%2Fwp%2Fv2%2Ftags&post=3556"}],"curies":[{"name":"wp","href":"https:\/\/api.w.org\/{rel}","templated":true}]}}