{"id":4187,"date":"2019-09-07T21:40:47","date_gmt":"2019-09-07T19:40:47","guid":{"rendered":"http:\/\/cter.edu.pl\/?p=4187"},"modified":"2019-10-01T16:01:12","modified_gmt":"2019-10-01T14:01:12","slug":"cter-symposium-2019-2","status":"publish","type":"post","link":"https:\/\/cter.edu.pl\/?p=4187&lang=pl","title":{"rendered":"CTER Symposium 2019"},"content":{"rendered":"<p style=\"text-align: justify;\"><strong><img loading=\"lazy\" decoding=\"async\" class=\" wp-image-4221 alignnone\" src=\"http:\/\/cter.edu.pl\/wp-content\/uploads\/2019\/07\/ctersymp-1.png\" alt=\"\" width=\"219\" height=\"124\" \/><\/strong><\/p>\n<p>&nbsp;<\/p>\n<p style=\"text-align: justify;\"><strong><img loading=\"lazy\" decoding=\"async\" class=\"wp-image-4273 alignright\" src=\"http:\/\/cter.edu.pl\/wp-content\/uploads\/2019\/09\/Symposium.png\" alt=\"\" width=\"305\" height=\"166\" srcset=\"https:\/\/cter.edu.pl\/wp-content\/uploads\/2019\/09\/Symposium.png 3520w, https:\/\/cter.edu.pl\/wp-content\/uploads\/2019\/09\/Symposium-300x163.png 300w, https:\/\/cter.edu.pl\/wp-content\/uploads\/2019\/09\/Symposium-768x418.png 768w, https:\/\/cter.edu.pl\/wp-content\/uploads\/2019\/09\/Symposium-1024x557.png 1024w\" sizes=\"auto, (max-width: 305px) 100vw, 305px\" \/>Z okazji DniaT\u0142umacza w dniu 30 wrze\u015bnia 2019 r. Konsorcjum do Bada\u0144 nad Edukacj\u0105 T\u0142umacza (CTER)<\/strong> oraz <strong>Katedra do Bada\u0144 n<\/strong><strong>ad <\/strong><strong>Przek\u0142adem i Komunikacj\u0105 Mi\u0119dzykulturow\u0105 (UJ)<\/strong>\u00a0 zorganizowa\u0142y sympozjum i dyskusj\u0119 przy okr\u0105g\u0142ym stole na temat: \u201cTo\u017csamo\u015b\u0107 t\u0142umacza \u2013 to\u017csamo\u015b\u0107 przek\u0142adoznawstwa\u201d.<\/p>\n<p style=\"text-align: justify;\">Sympozjum mia\u0142o miejsce w Krakowie w budynku Collegium Paderevianum Uniwersytetu Jagiello\u0144skiego, przy al. Mickiewicza 9a i by\u0142o okazj\u0105 do porozmawiania na temat\u00a0 statusu przek\u0142adoznawstwa w polskim i europejskim kontek\u015bcie akademickim.<\/p>\n<p>&nbsp;<\/p>\n","protected":false},"excerpt":{"rendered":"<p>&nbsp; Z okazji DniaT\u0142umacza w dniu 30 wrze\u015bnia 2019 r. Konsorcjum do Bada\u0144 nad Edukacj\u0105 T\u0142umacza (CTER) oraz Katedra do Bada\u0144 nad Przek\u0142adem i Komunikacj\u0105 Mi\u0119dzykulturow\u0105 (UJ)\u00a0 zorganizowa\u0142y sympozjum i dyskusj\u0119 przy okr\u0105g\u0142ym stole na temat: \u201cTo\u017csamo\u015b\u0107 t\u0142umacza \u2013 to\u017csamo\u015b\u0107 przek\u0142adoznawstwa\u201d. Sympozjum mia\u0142o miejsce w Krakowie w budynku Collegium Paderevianum Uniwersytetu Jagiello\u0144skiego, przy al. Mickiewicza &hellip; <a href=\"https:\/\/cter.edu.pl\/?p=4187&#038;lang=pl\" class=\"more-link\">Continue reading <span class=\"screen-reader-text\">CTER Symposium 2019<\/span> <span class=\"meta-nav\">&rarr;<\/span><\/a><\/p>\n","protected":false},"author":1,"featured_media":0,"comment_status":"closed","ping_status":"closed","sticky":false,"template":"","format":"standard","meta":{"footnotes":""},"categories":[35],"tags":[],"class_list":["post-4187","post","type-post","status-publish","format-standard","hentry","category-bez-kategorii-pl"],"_links":{"self":[{"href":"https:\/\/cter.edu.pl\/index.php?rest_route=\/wp\/v2\/posts\/4187","targetHints":{"allow":["GET"]}}],"collection":[{"href":"https:\/\/cter.edu.pl\/index.php?rest_route=\/wp\/v2\/posts"}],"about":[{"href":"https:\/\/cter.edu.pl\/index.php?rest_route=\/wp\/v2\/types\/post"}],"author":[{"embeddable":true,"href":"https:\/\/cter.edu.pl\/index.php?rest_route=\/wp\/v2\/users\/1"}],"replies":[{"embeddable":true,"href":"https:\/\/cter.edu.pl\/index.php?rest_route=%2Fwp%2Fv2%2Fcomments&post=4187"}],"version-history":[{"count":21,"href":"https:\/\/cter.edu.pl\/index.php?rest_route=\/wp\/v2\/posts\/4187\/revisions"}],"predecessor-version":[{"id":4223,"href":"https:\/\/cter.edu.pl\/index.php?rest_route=\/wp\/v2\/posts\/4187\/revisions\/4223"}],"wp:attachment":[{"href":"https:\/\/cter.edu.pl\/index.php?rest_route=%2Fwp%2Fv2%2Fmedia&parent=4187"}],"wp:term":[{"taxonomy":"category","embeddable":true,"href":"https:\/\/cter.edu.pl\/index.php?rest_route=%2Fwp%2Fv2%2Fcategories&post=4187"},{"taxonomy":"post_tag","embeddable":true,"href":"https:\/\/cter.edu.pl\/index.php?rest_route=%2Fwp%2Fv2%2Ftags&post=4187"}],"curies":[{"name":"wp","href":"https:\/\/api.w.org\/{rel}","templated":true}]}}