{"id":4230,"date":"2019-09-10T13:42:43","date_gmt":"2019-09-10T11:42:43","guid":{"rendered":"http:\/\/cter.edu.pl\/?p=4230"},"modified":"2020-01-21T15:41:36","modified_gmt":"2020-01-21T14:41:36","slug":"wydarzenia-pacte-2020","status":"publish","type":"post","link":"https:\/\/cter.edu.pl\/?p=4230&lang=pl","title":{"rendered":"Wydarzenia PACTE 2020"},"content":{"rendered":"<p>PACTE Group organizuje dwa wydarzenia po\u015bwi\u0119cone dydaktyce przek\u0142adu, kt\u00f3re odb\u0119d\u0105 si\u0119 w lipcu 2020 r. w Universitat Aut\u00f2noma de Barcelona:<\/p>\n<ol>\n<li><strong>FIFTH INTERNATIONAL CONFERENCE ON RESEARCH INTO THE DIDACTICS OF TRANSLATION (8-10 lipca 2020 r.)<\/strong><\/li>\n<\/ol>\n<p><strong>2. FOURTH SPECIALIST SEMINAR ON THE DIDACTICS OF TRANSLATION (7 <\/strong><strong>lipca 2020 r.)<\/strong><\/p>\n<p>Szczeg\u00f3\u0142y dotycz\u0105ce obu wydarze\u0144 znajduj\u0105 si\u0119 na stronie: <a href=\"http:\/\/grupsderecerca.uab.cat\/pacte\/en\/circular1en\">http:\/\/grupsderecerca.uab.cat\/pacte\/en\/circular1en<\/a><\/p>\n","protected":false},"excerpt":{"rendered":"<p>PACTE Group organizuje dwa wydarzenia po\u015bwi\u0119cone dydaktyce przek\u0142adu, kt\u00f3re odb\u0119d\u0105 si\u0119 w lipcu 2020 r. w Universitat Aut\u00f2noma de Barcelona: FIFTH INTERNATIONAL CONFERENCE ON RESEARCH INTO THE DIDACTICS OF TRANSLATION (8-10 lipca 2020 r.) 2. FOURTH SPECIALIST SEMINAR ON THE DIDACTICS OF TRANSLATION (7 lipca 2020 r.) Szczeg\u00f3\u0142y dotycz\u0105ce obu wydarze\u0144 znajduj\u0105 si\u0119 na stronie: &hellip; <a href=\"https:\/\/cter.edu.pl\/?p=4230&#038;lang=pl\" class=\"more-link\">Continue reading <span class=\"screen-reader-text\">Wydarzenia PACTE 2020<\/span> <span class=\"meta-nav\">&rarr;<\/span><\/a><\/p>\n","protected":false},"author":1,"featured_media":0,"comment_status":"closed","ping_status":"closed","sticky":false,"template":"","format":"standard","meta":{"footnotes":""},"categories":[35],"tags":[],"class_list":["post-4230","post","type-post","status-publish","format-standard","hentry","category-bez-kategorii-pl"],"_links":{"self":[{"href":"https:\/\/cter.edu.pl\/index.php?rest_route=\/wp\/v2\/posts\/4230","targetHints":{"allow":["GET"]}}],"collection":[{"href":"https:\/\/cter.edu.pl\/index.php?rest_route=\/wp\/v2\/posts"}],"about":[{"href":"https:\/\/cter.edu.pl\/index.php?rest_route=\/wp\/v2\/types\/post"}],"author":[{"embeddable":true,"href":"https:\/\/cter.edu.pl\/index.php?rest_route=\/wp\/v2\/users\/1"}],"replies":[{"embeddable":true,"href":"https:\/\/cter.edu.pl\/index.php?rest_route=%2Fwp%2Fv2%2Fcomments&post=4230"}],"version-history":[{"count":2,"href":"https:\/\/cter.edu.pl\/index.php?rest_route=\/wp\/v2\/posts\/4230\/revisions"}],"predecessor-version":[{"id":4232,"href":"https:\/\/cter.edu.pl\/index.php?rest_route=\/wp\/v2\/posts\/4230\/revisions\/4232"}],"wp:attachment":[{"href":"https:\/\/cter.edu.pl\/index.php?rest_route=%2Fwp%2Fv2%2Fmedia&parent=4230"}],"wp:term":[{"taxonomy":"category","embeddable":true,"href":"https:\/\/cter.edu.pl\/index.php?rest_route=%2Fwp%2Fv2%2Fcategories&post=4230"},{"taxonomy":"post_tag","embeddable":true,"href":"https:\/\/cter.edu.pl\/index.php?rest_route=%2Fwp%2Fv2%2Ftags&post=4230"}],"curies":[{"name":"wp","href":"https:\/\/api.w.org\/{rel}","templated":true}]}}