{"id":4291,"date":"2019-10-16T13:18:53","date_gmt":"2019-10-16T11:18:53","guid":{"rendered":"http:\/\/cter.edu.pl\/?p=4291"},"modified":"2019-10-16T13:20:28","modified_gmt":"2019-10-16T11:20:28","slug":"tertium-2020-jezyk-trzeciego-tysiaclecia-xi","status":"publish","type":"post","link":"https:\/\/cter.edu.pl\/?p=4291&lang=pl","title":{"rendered":"Tertium 2020: J\u0119zyk trzeciego tysi\u0105clecia XI"},"content":{"rendered":"<p style=\"text-align: justify;\">Serdecznie zapraszamy do udzia\u0142u w 11. edycji konferencji z serii <em>J\u0119zyk trzeciego tysi\u0105clecia<\/em>, kt\u00f3ra odb\u0119dzie si\u0119 w Krakowie w dniach <strong>25-27 marca 2020 <\/strong>r. (\u015broda-pi\u0105tek). Od obecnej edycji konferencja b\u0119dzie mia\u0142a charakter mi\u0119dzynarodowy i dwuj\u0119zyczny (przewidywane s\u0105 wyst\u0105pienia w j\u0119zyku angielskim i polskim).<\/p>\n<p>Wi\u0119cej szczeg\u00f3\u0142\u00f3w znajduje si\u0119 na <strong>stronie konferencji <\/strong>pod adresem<strong>: <\/strong><a href=\"https:\/\/tertium.edu.pl\/konferencje-tertium\/jezyk-trzeciego-tysiaclecia-xi.html\" target=\"_blank\" rel=\"noopener\">https:\/\/tertium.edu.pl\/konferencje-tertium\/jezyk-trzeciego-tysiaclecia-xi.html<\/a><\/p>\n","protected":false},"excerpt":{"rendered":"<p>Serdecznie zapraszamy do udzia\u0142u w 11. edycji konferencji z serii J\u0119zyk trzeciego tysi\u0105clecia, kt\u00f3ra odb\u0119dzie si\u0119 w Krakowie w dniach 25-27 marca 2020 r. (\u015broda-pi\u0105tek). Od obecnej edycji konferencja b\u0119dzie mia\u0142a charakter mi\u0119dzynarodowy i dwuj\u0119zyczny (przewidywane s\u0105 wyst\u0105pienia w j\u0119zyku angielskim i polskim). Wi\u0119cej szczeg\u00f3\u0142\u00f3w znajduje si\u0119 na stronie konferencji pod adresem: https:\/\/tertium.edu.pl\/konferencje-tertium\/jezyk-trzeciego-tysiaclecia-xi.html<\/p>\n","protected":false},"author":1,"featured_media":0,"comment_status":"closed","ping_status":"closed","sticky":false,"template":"","format":"standard","meta":{"footnotes":""},"categories":[35],"tags":[],"class_list":["post-4291","post","type-post","status-publish","format-standard","hentry","category-bez-kategorii-pl"],"_links":{"self":[{"href":"https:\/\/cter.edu.pl\/index.php?rest_route=\/wp\/v2\/posts\/4291","targetHints":{"allow":["GET"]}}],"collection":[{"href":"https:\/\/cter.edu.pl\/index.php?rest_route=\/wp\/v2\/posts"}],"about":[{"href":"https:\/\/cter.edu.pl\/index.php?rest_route=\/wp\/v2\/types\/post"}],"author":[{"embeddable":true,"href":"https:\/\/cter.edu.pl\/index.php?rest_route=\/wp\/v2\/users\/1"}],"replies":[{"embeddable":true,"href":"https:\/\/cter.edu.pl\/index.php?rest_route=%2Fwp%2Fv2%2Fcomments&post=4291"}],"version-history":[{"count":1,"href":"https:\/\/cter.edu.pl\/index.php?rest_route=\/wp\/v2\/posts\/4291\/revisions"}],"predecessor-version":[{"id":4292,"href":"https:\/\/cter.edu.pl\/index.php?rest_route=\/wp\/v2\/posts\/4291\/revisions\/4292"}],"wp:attachment":[{"href":"https:\/\/cter.edu.pl\/index.php?rest_route=%2Fwp%2Fv2%2Fmedia&parent=4291"}],"wp:term":[{"taxonomy":"category","embeddable":true,"href":"https:\/\/cter.edu.pl\/index.php?rest_route=%2Fwp%2Fv2%2Fcategories&post=4291"},{"taxonomy":"post_tag","embeddable":true,"href":"https:\/\/cter.edu.pl\/index.php?rest_route=%2Fwp%2Fv2%2Ftags&post=4291"}],"curies":[{"name":"wp","href":"https:\/\/api.w.org\/{rel}","templated":true}]}}