{"id":4406,"date":"2019-12-02T12:42:10","date_gmt":"2019-12-02T11:42:10","guid":{"rendered":"http:\/\/cter.edu.pl\/?p=4406"},"modified":"2019-12-02T14:20:09","modified_gmt":"2019-12-02T13:20:09","slug":"imago-mundi-vii-2020","status":"publish","type":"post","link":"https:\/\/cter.edu.pl\/?p=4406&lang=pl","title":{"rendered":"Imago Mundi VII 2020"},"content":{"rendered":"<p style=\"text-align: justify;\"><img loading=\"lazy\" decoding=\"async\" class=\"size-full wp-image-2058 alignleft\" src=\"https:\/\/www.ils.uw.edu.pl\/wp-content\/uploads\/Konferencje\/Imago\/baner_imagomundi.gif\" alt=\"baner_imagomundi\" width=\"230\" height=\"60\" \/>Instytut Lingwistyki Stosowanej Uniwersytetu Warszawskiego zaprasza do\u00a0 wzi\u0119cia udzia\u0142u w VII konferencji z cyklu <em>Imago mundi <\/em>pod tytu\u0142em <em>Uczy, bawi, tumani, przestrasza\u2026 <\/em><em>Role t\u0142umacza i t\u0142umaczenia we wsp\u00f3\u0142czesnym \u015bwiecie, <\/em>kt\u00f3ra odb\u0119dzie si\u0119 w dniach 25-26 czerwca 2020 r. w Warszawie. Tematyka konferencja obejmowa\u0107 b\u0119dzie m.in.<\/p>\n<ul>\n<li>wsp\u00f3\u0142czesne role i pozycja t\u0142umaczenia i t\u0142umacza \u2013 jego ekosystem, warunki pracy, to\u017csamo\u015b\u0107 i samo\u015bwiadomo\u015b\u0107<\/li>\n<li>zmiany strategii i technik t\u0142umaczeniowych wymuszane przez inicjator\u00f3w przek\u0142adu i odbiorc\u00f3w lub proponowane przez t\u0142umaczy<\/li>\n<li>wp\u0142yw nowych narz\u0119dzi na proces t\u0142umaczenia<\/li>\n<li>nowe formy dzia\u0142alno\u015bci t\u0142umaczeniowej a nowe modele dydaktyczne.<\/li>\n<\/ul>\n<p>Organizatorzy planuj\u0105 przeprowadzenie dw\u00f3ch paneli po\u015bwi\u0119conych stanowi obecnemu i przysz\u0142o\u015bci t\u0142umaczenia.<\/p>\n<p>Wi\u0119cej informacji na stronie <a href=\"https:\/\/www.ils.uw.edu.pl\/nauka-i-badania\/konferencje\/imago\/\" target=\"_blank\" rel=\"noopener\">konferencji<\/a><\/p>\n<p>&nbsp;<\/p>\n<p>&nbsp;<\/p>\n","protected":false},"excerpt":{"rendered":"<p>Instytut Lingwistyki Stosowanej Uniwersytetu Warszawskiego zaprasza do\u00a0 wzi\u0119cia udzia\u0142u w VII konferencji z cyklu Imago mundi pod tytu\u0142em Uczy, bawi, tumani, przestrasza\u2026 Role t\u0142umacza i t\u0142umaczenia we wsp\u00f3\u0142czesnym \u015bwiecie, kt\u00f3ra odb\u0119dzie si\u0119 w dniach 25-26 czerwca 2020 r. w Warszawie. Tematyka konferencja obejmowa\u0107 b\u0119dzie m.in. wsp\u00f3\u0142czesne role i pozycja t\u0142umaczenia i t\u0142umacza \u2013 jego ekosystem, &hellip; <a href=\"https:\/\/cter.edu.pl\/?p=4406&#038;lang=pl\" class=\"more-link\">Continue reading <span class=\"screen-reader-text\">Imago Mundi VII 2020<\/span> <span class=\"meta-nav\">&rarr;<\/span><\/a><\/p>\n","protected":false},"author":1,"featured_media":0,"comment_status":"closed","ping_status":"closed","sticky":false,"template":"","format":"standard","meta":{"footnotes":""},"categories":[35],"tags":[],"class_list":["post-4406","post","type-post","status-publish","format-standard","hentry","category-bez-kategorii-pl"],"_links":{"self":[{"href":"https:\/\/cter.edu.pl\/index.php?rest_route=\/wp\/v2\/posts\/4406","targetHints":{"allow":["GET"]}}],"collection":[{"href":"https:\/\/cter.edu.pl\/index.php?rest_route=\/wp\/v2\/posts"}],"about":[{"href":"https:\/\/cter.edu.pl\/index.php?rest_route=\/wp\/v2\/types\/post"}],"author":[{"embeddable":true,"href":"https:\/\/cter.edu.pl\/index.php?rest_route=\/wp\/v2\/users\/1"}],"replies":[{"embeddable":true,"href":"https:\/\/cter.edu.pl\/index.php?rest_route=%2Fwp%2Fv2%2Fcomments&post=4406"}],"version-history":[{"count":2,"href":"https:\/\/cter.edu.pl\/index.php?rest_route=\/wp\/v2\/posts\/4406\/revisions"}],"predecessor-version":[{"id":4418,"href":"https:\/\/cter.edu.pl\/index.php?rest_route=\/wp\/v2\/posts\/4406\/revisions\/4418"}],"wp:attachment":[{"href":"https:\/\/cter.edu.pl\/index.php?rest_route=%2Fwp%2Fv2%2Fmedia&parent=4406"}],"wp:term":[{"taxonomy":"category","embeddable":true,"href":"https:\/\/cter.edu.pl\/index.php?rest_route=%2Fwp%2Fv2%2Fcategories&post=4406"},{"taxonomy":"post_tag","embeddable":true,"href":"https:\/\/cter.edu.pl\/index.php?rest_route=%2Fwp%2Fv2%2Ftags&post=4406"}],"curies":[{"name":"wp","href":"https:\/\/api.w.org\/{rel}","templated":true}]}}