{"id":4428,"date":"2021-01-21T15:47:46","date_gmt":"2021-01-21T14:47:46","guid":{"rendered":"http:\/\/cter.edu.pl\/?p=4428"},"modified":"2021-03-18T17:22:50","modified_gmt":"2021-03-18T16:22:50","slug":"i-kongres-polskiego-przekladoznawstwa-2","status":"publish","type":"post","link":"https:\/\/cter.edu.pl\/?p=4428&lang=pl","title":{"rendered":"I KONGRES POLSKIEGO PRZEK\u0141ADOZNAWSTWA"},"content":{"rendered":"<p style=\"text-align: justify;\"><img loading=\"lazy\" decoding=\"async\" class=\"size-medium wp-image-4719 aligncenter\" src=\"http:\/\/cter.edu.pl\/wp-content\/uploads\/2021\/01\/KPP-1-300x111.png\" alt=\"\" width=\"300\" height=\"111\" srcset=\"https:\/\/cter.edu.pl\/wp-content\/uploads\/2021\/01\/KPP-1-300x111.png 300w, https:\/\/cter.edu.pl\/wp-content\/uploads\/2021\/01\/KPP-1-768x284.png 768w, https:\/\/cter.edu.pl\/wp-content\/uploads\/2021\/01\/KPP-1.png 821w\" sizes=\"auto, (max-width: 300px) 100vw, 300px\" \/>Zapraszamy do udzia\u0142u w I KONGRESIE POLSKIEGO PRZEK\u0141ADOZNAWSTWA, kt\u00f3rego termin ze wzgl\u0119du na obecn\u0105 sytuacj\u0119 epidemiologiczn\u0105 zosta\u0142 przesuni\u0119ty na maj 2022 r. Wydarzenie si\u0119 na Uniwersytecie Jagiello\u0144skim w Krakowie, a obrady odbywa\u0107 si\u0119 b\u0119d\u0105 w j\u0119zyku polskim,<\/p>\n<p><a href=\"https:\/\/kongres-przekladoznawstwa.confer.uj.edu.pl\/\" target=\"_blank\" rel=\"noopener\">Wi\u0119cej szczeg\u00f3\u0142\u00f3w&#8230;<\/a><\/p>\n","protected":false},"excerpt":{"rendered":"<p>Zapraszamy do udzia\u0142u w I KONGRESIE POLSKIEGO PRZEK\u0141ADOZNAWSTWA, kt\u00f3rego termin ze wzgl\u0119du na obecn\u0105 sytuacj\u0119 epidemiologiczn\u0105 zosta\u0142 przesuni\u0119ty na maj 2022 r. Wydarzenie si\u0119 na Uniwersytecie Jagiello\u0144skim w Krakowie, a obrady odbywa\u0107 si\u0119 b\u0119d\u0105 w j\u0119zyku polskim, Wi\u0119cej szczeg\u00f3\u0142\u00f3w&#8230;<\/p>\n","protected":false},"author":1,"featured_media":0,"comment_status":"closed","ping_status":"closed","sticky":false,"template":"","format":"standard","meta":{"footnotes":""},"categories":[35],"tags":[],"class_list":["post-4428","post","type-post","status-publish","format-standard","hentry","category-bez-kategorii-pl"],"_links":{"self":[{"href":"https:\/\/cter.edu.pl\/index.php?rest_route=\/wp\/v2\/posts\/4428","targetHints":{"allow":["GET"]}}],"collection":[{"href":"https:\/\/cter.edu.pl\/index.php?rest_route=\/wp\/v2\/posts"}],"about":[{"href":"https:\/\/cter.edu.pl\/index.php?rest_route=\/wp\/v2\/types\/post"}],"author":[{"embeddable":true,"href":"https:\/\/cter.edu.pl\/index.php?rest_route=\/wp\/v2\/users\/1"}],"replies":[{"embeddable":true,"href":"https:\/\/cter.edu.pl\/index.php?rest_route=%2Fwp%2Fv2%2Fcomments&post=4428"}],"version-history":[{"count":8,"href":"https:\/\/cter.edu.pl\/index.php?rest_route=\/wp\/v2\/posts\/4428\/revisions"}],"predecessor-version":[{"id":4722,"href":"https:\/\/cter.edu.pl\/index.php?rest_route=\/wp\/v2\/posts\/4428\/revisions\/4722"}],"wp:attachment":[{"href":"https:\/\/cter.edu.pl\/index.php?rest_route=%2Fwp%2Fv2%2Fmedia&parent=4428"}],"wp:term":[{"taxonomy":"category","embeddable":true,"href":"https:\/\/cter.edu.pl\/index.php?rest_route=%2Fwp%2Fv2%2Fcategories&post=4428"},{"taxonomy":"post_tag","embeddable":true,"href":"https:\/\/cter.edu.pl\/index.php?rest_route=%2Fwp%2Fv2%2Ftags&post=4428"}],"curies":[{"name":"wp","href":"https:\/\/api.w.org\/{rel}","templated":true}]}}