{"id":4452,"date":"2022-09-25T13:06:30","date_gmt":"2022-09-25T11:06:30","guid":{"rendered":"http:\/\/cter.edu.pl\/?p=4452"},"modified":"2022-09-25T13:08:46","modified_gmt":"2022-09-25T11:08:46","slug":"cter-assessment-literacy-workshop-2020-2","status":"publish","type":"post","link":"https:\/\/cter.edu.pl\/?p=4452&lang=pl","title":{"rendered":"CTER Assessment Literacy Workshop 2022"},"content":{"rendered":"<p style=\"text-align: justify;\"><img loading=\"lazy\" decoding=\"async\" class=\"size-medium wp-image-5595 aligncenter\" src=\"http:\/\/cter.edu.pl\/wp-content\/uploads\/2020\/01\/alw_logo2022-300x153.png\" alt=\"\" width=\"300\" height=\"153\" srcset=\"https:\/\/cter.edu.pl\/wp-content\/uploads\/2020\/01\/alw_logo2022-300x153.png 300w, https:\/\/cter.edu.pl\/wp-content\/uploads\/2020\/01\/alw_logo2022-768x392.png 768w, https:\/\/cter.edu.pl\/wp-content\/uploads\/2020\/01\/alw_logo2022-1024x523.png 1024w, https:\/\/cter.edu.pl\/wp-content\/uploads\/2020\/01\/alw_logo2022.png 1858w\" sizes=\"auto, (max-width: 300px) 100vw, 300px\" \/><\/p>\n<p style=\"text-align: justify;\">Konsorcjum do Bada\u0144\u00a0 nad Edukacj\u0105 T\u0142umaczy (CTER) we wsp\u00f3\u0142pracy z University of Westminster w Londynie i Uniwersytetem Jagiello\u0144skim w Krakowie serdecznie zaprasza do udzia\u0142u\u00a0 w warsztatach dla nauczycieli przek\u0142adu i t\u0142umaczy pod nazw\u0105 CTER Assessment Literacy Workshop 2022, kt\u00f3re odb\u0119d\u0105 si\u0119 w dniach 3-4 listopada 2022 r. w Krakowie. Zaj\u0119cia warsztatowe w j\u0119zyku angielskim poprowadz\u0105 <strong>Elsa Barros<\/strong> i <strong>Juliet Vine<\/strong> z University of Westminster.<\/p>\n<p style=\"text-align: justify;\">Szczeg\u00f3\u0142owe informacje znajduj\u0105 si\u0119 na <a href=\"http:\/\/cter.edu.pl\/cter-assessment-literacy-workshop-2022\/\" target=\"_blank\" rel=\"noopener\">stronie wydarzenia<\/a>.<\/p>\n","protected":false},"excerpt":{"rendered":"<p>Konsorcjum do Bada\u0144\u00a0 nad Edukacj\u0105 T\u0142umaczy (CTER) we wsp\u00f3\u0142pracy z University of Westminster w Londynie i Uniwersytetem Jagiello\u0144skim w Krakowie serdecznie zaprasza do udzia\u0142u\u00a0 w warsztatach dla nauczycieli przek\u0142adu i t\u0142umaczy pod nazw\u0105 CTER Assessment Literacy Workshop 2022, kt\u00f3re odb\u0119d\u0105 si\u0119 w dniach 3-4 listopada 2022 r. w Krakowie. Zaj\u0119cia warsztatowe w j\u0119zyku angielskim poprowadz\u0105 &hellip; <a href=\"https:\/\/cter.edu.pl\/?p=4452&#038;lang=pl\" class=\"more-link\">Continue reading <span class=\"screen-reader-text\">CTER Assessment Literacy Workshop 2022<\/span> <span class=\"meta-nav\">&rarr;<\/span><\/a><\/p>\n","protected":false},"author":1,"featured_media":0,"comment_status":"closed","ping_status":"closed","sticky":false,"template":"","format":"standard","meta":{"footnotes":""},"categories":[35],"tags":[],"class_list":["post-4452","post","type-post","status-publish","format-standard","hentry","category-bez-kategorii-pl"],"_links":{"self":[{"href":"https:\/\/cter.edu.pl\/index.php?rest_route=\/wp\/v2\/posts\/4452","targetHints":{"allow":["GET"]}}],"collection":[{"href":"https:\/\/cter.edu.pl\/index.php?rest_route=\/wp\/v2\/posts"}],"about":[{"href":"https:\/\/cter.edu.pl\/index.php?rest_route=\/wp\/v2\/types\/post"}],"author":[{"embeddable":true,"href":"https:\/\/cter.edu.pl\/index.php?rest_route=\/wp\/v2\/users\/1"}],"replies":[{"embeddable":true,"href":"https:\/\/cter.edu.pl\/index.php?rest_route=%2Fwp%2Fv2%2Fcomments&post=4452"}],"version-history":[{"count":9,"href":"https:\/\/cter.edu.pl\/index.php?rest_route=\/wp\/v2\/posts\/4452\/revisions"}],"predecessor-version":[{"id":5597,"href":"https:\/\/cter.edu.pl\/index.php?rest_route=\/wp\/v2\/posts\/4452\/revisions\/5597"}],"wp:attachment":[{"href":"https:\/\/cter.edu.pl\/index.php?rest_route=%2Fwp%2Fv2%2Fmedia&parent=4452"}],"wp:term":[{"taxonomy":"category","embeddable":true,"href":"https:\/\/cter.edu.pl\/index.php?rest_route=%2Fwp%2Fv2%2Fcategories&post=4452"},{"taxonomy":"post_tag","embeddable":true,"href":"https:\/\/cter.edu.pl\/index.php?rest_route=%2Fwp%2Fv2%2Ftags&post=4452"}],"curies":[{"name":"wp","href":"https:\/\/api.w.org\/{rel}","templated":true}]}}