{"id":472,"date":"2015-05-22T11:15:10","date_gmt":"2015-05-22T09:15:10","guid":{"rendered":"http:\/\/cteradmin.nazwa.pl\/wp\/?p=472"},"modified":"2015-05-22T11:18:02","modified_gmt":"2015-05-22T09:18:02","slug":"472","status":"publish","type":"post","link":"https:\/\/cter.edu.pl\/?p=472","title":{"rendered":"Imago Mundi 2015"},"content":{"rendered":"<h3 style=\"text-align: center;\"><strong>Instytut Lingwistyki Stosowanej<\/strong><\/h3>\n<h3 style=\"text-align: center;\"><strong>Uniwersytetu Warszawskiego<\/strong><\/h3>\n<h3 style=\"text-align: center;\"><strong>zaprasza do wzi\u0119cia udzia\u0142u w V konferencji z cyklu <em>Imago mundi<\/em> <\/strong><\/h3>\n<h3 style=\"text-align: center;\"><strong>pod tytu\u0142em <\/strong><\/h3>\n<h3 style=\"text-align: center;\"><strong><em>Teoria t\u0142umaczenia czy teorie t\u0142umacze\u0144?<\/em><\/strong><\/h3>\n<p><strong>kt\u00f3ra odb\u0119dzie si\u0119 w dniach 20-21 listopada 2015 w Warszawie.<\/strong><\/p>\n<p>&nbsp;<\/p>\n<p>T\u0142umaczenie jest jedn\u0105 z najbardziej dynamicznie rozwijaj\u0105cych si\u0119 form dzia\u0142alno\u015bci ludzkiej. T\u0142umaczymy literatur\u0119 pi\u0119kn\u0105 i naukow\u0105, filmy, gry komputerowe, strony internetowe, dokumenty prawne, specyfikacje techniczne itd. Czy te r\u00f3\u017cne rodzaje t\u0142umaczenia maj\u0105 jaki\u015b wsp\u00f3lny mianownik? Czy istniej\u0105 problemy wsp\u00f3lne dla r\u00f3\u017cnych typ\u00f3w t\u0142umacze\u0144?<\/p>\n<p>Na kolejn\u0105 konferencj\u0119 z cyklu <em>Imago mundi<\/em> zapraszamy t\u0142umaczy i przek\u0142adoznawc\u00f3w zajmuj\u0105cych si\u0119 r\u00f3\u017cnymi formami t\u0142umacze\u0144 i interesuj\u0105cych si\u0119 r\u00f3\u017cnymi zagadnieniami przek\u0142adoznawczymi. Chcemy wsp\u00f3lnie zastanowi\u0107 si\u0119, czy mo\u017ce istnie\u0107 jedna teoria t\u0142umaczenia, czy te\u017c ka\u017cdy rodzaj t\u0142umacze\u0144 potrzebuje innych za\u0142o\u017ce\u0144 teoretycznych.<\/p>\n<p>&nbsp;<\/p>\n<p>Sw\u00f3j udzia\u0142 w sesji plenarnej potwierdzili m.in. prof. Roman Lewicki (UMCS) oraz prof. Jerzy Brzozowski (UJ).<\/p>\n<p>&nbsp;<\/p>\n<p>W trakcie konferencji przewidziana jest ponadto dyskusja panelowa, kt\u00f3ra b\u0119dzie po\u015bwi\u0119cona g\u0142\u00f3wnemu tematowi \u2013 wezm\u0105 w niej udzia\u0142 t\u0142umacze praktycy, zar\u00f3wno literatury pi\u0119knej, jak i tekst\u00f3w specjalistycznych.<\/p>\n<p>&nbsp;<\/p>\n<p><strong>J\u0119zykiem roboczym konferencji<\/strong> b\u0119dzie j\u0119zyk polski, cho\u0107 w przypadku zainteresowania uczestnik\u00f3w z o\u015brodk\u00f3w zagranicznych jeste\u015bmy w stanie zapewni\u0107 t\u0142umaczenie wyst\u0105pienia w j\u0119zyku angielskim, francuskim, hiszpa\u0144skim, niemieckim, rosyjskim.<\/p>\n<p>&nbsp;<\/p>\n<p><strong>Czas trwania wyst\u0105pienia<\/strong>:<\/p>\n<ul>\n<li>referat \u2013 20 minut,<\/li>\n<li>komunikat \u2013 10 minut.<\/li>\n<\/ul>\n<p>&nbsp;<\/p>\n<p><strong>Warunki uczestnictwa<\/strong>:<\/p>\n<p>&nbsp;<\/p>\n<p>Termin nades\u0142ania zg\u0142oszenia (formularza wraz ze streszczeniem): <strong>1 wrze\u015bnia 2015<\/strong>.<\/p>\n<p>Informacja o zakwalifikowaniu referatu: <strong>15 pa\u017adziernika 2015<\/strong>.<\/p>\n<p>Termin wniesienia op\u0142aty konferencyjnej: <strong>10 listopada 2015<\/strong>.<\/p>\n<p>&nbsp;<\/p>\n<p><strong>Dane konta<\/strong>:<\/p>\n<p>Uniwersytet Warszawski\/Instytut Lingwistyki Stosowanej<\/p>\n<p>Bank Millenium SA<\/p>\n<p>Ul. Stanis\u0142awa \u017baryna 2A<\/p>\n<p>02-593 Warszawa<\/p>\n<p>&nbsp;<\/p>\n<p>Kod SWIFT &#8211; BIGBPLPW<\/p>\n<p>Przelewy z zagranicy: IBAN &#8211; PL91 1160 2202 0000 0000 6084 9594<\/p>\n<p>Przelewy z Polski: 91 1160 2202 0000 0000 6084 9594<\/p>\n<p>&nbsp;<\/p>\n<p>Koniecznie z dopiskiem &#8220;IMAGO MUNDI 5\u201d oraz imieniem i nazwiskiem uczestnika.<\/p>\n<p>Prosimy o uregulowanie op\u0142aty do dnia 10 listopada 2015.<\/p>\n<p>&nbsp;<\/p>\n<p>Op\u0142ata za udzia\u0142 w konferencji wynosi <strong>400 z\u0142<\/strong> (dla uczestnik\u00f3w z referatem), obejmuje publikacj\u0119 w tomie zbiorowym, materia\u0142y informacyjne, a tak\u017ce uroczyst\u0105 kolacj\u0119 w dniu 20 listopada 2015 oraz pocz\u0119stunek podczas przerw kawowych.<\/p>\n<p>Op\u0142ata nie obejmuje noclegu.<\/p>\n<p>W przypadku rezygnacji z konferencji op\u0142ata nie podlega zwrotowi. Wype\u0142niony formularz prosimy przes\u0142a\u0107 mailem jako za\u0142\u0105cznik pod adresem:<\/p>\n<p><strong>imagomundi.ils@uw.edu.pl<\/strong><\/p>\n<p>&nbsp;<\/p>\n<p>lub te\u017c poczt\u0105 b\u0105d\u017a faksem pod adresem:<\/p>\n<p>Instytut Lingwistyki Stosowanej UW<\/p>\n<ol>\n<li>Dobra 55<\/li>\n<\/ol>\n<p>00-312 Warszawa<\/p>\n<p>z dopiskiem \u201eImago mundi 2015\u201d<\/p>\n<p>&nbsp;<\/p>\n<p>UWAGA: Pracownicy Wydzia\u0142u Lingwistyki Stosowanej UW uczestnicz\u0105 w konferencji bez op\u0142at, za\u015b pracownicy innych wydzia\u0142\u00f3w UW mog\u0105 otrzyma\u0107 jedynie not\u0119 ksi\u0119gow\u0105.<\/p>\n<p>&nbsp;<\/p>\n<p>Je\u017celi b\u0119d\u0105 Pa\u0144stwo potrzebowali faktury VAT, prosimy o zaznaczenie tego w formularzu zg\u0142oszeniowym. W przypadku du\u017cej liczby zg\u0142osze\u0144 o zakwalifikowaniu referatu zdecyduje zgodno\u015b\u0107 z proponowan\u0105 tematyk\u0105 oraz kolejno\u015b\u0107 zg\u0142oszenia.<\/p>\n<p>&nbsp;<\/p>\n<p>Wybrane teksty zostan\u0105 opublikowane.<\/p>\n<p>&nbsp;<\/p>\n<p><strong>Organizatorzy: <\/strong><\/p>\n<p>Prof. UW dr hab. Krzysztof Hejwowski<\/p>\n<p>&nbsp;<\/p>\n<p><strong>Sekretarze<\/strong>:<\/p>\n<p>Dr Karolina D\u0119bska<\/p>\n<p>Dr Anna G\u0142ogowska<\/p>\n<p>Dr Anna Szcz\u0119sny<\/p>\n<p>Mgr Maciej Stanaszek<\/p>\n","protected":false},"excerpt":{"rendered":"<p>Instytut Lingwistyki Stosowanej Uniwersytetu Warszawskiego zaprasza do wzi\u0119cia udzia\u0142u w V konferencji z cyklu Imago mundi pod tytu\u0142em Teoria t\u0142umaczenia czy teorie t\u0142umacze\u0144? kt\u00f3ra odb\u0119dzie si\u0119 w dniach 20-21 listopada 2015 w Warszawie. &nbsp; T\u0142umaczenie jest jedn\u0105 z najbardziej dynamicznie rozwijaj\u0105cych si\u0119 form dzia\u0142alno\u015bci ludzkiej. T\u0142umaczymy literatur\u0119 pi\u0119kn\u0105 i naukow\u0105, filmy, gry komputerowe, strony internetowe, &hellip; <a href=\"https:\/\/cter.edu.pl\/?p=472\" class=\"more-link\">Continue reading <span class=\"screen-reader-text\">Imago Mundi 2015<\/span> <span class=\"meta-nav\">&rarr;<\/span><\/a><\/p>\n","protected":false},"author":1,"featured_media":0,"comment_status":"closed","ping_status":"closed","sticky":false,"template":"","format":"standard","meta":{"footnotes":""},"categories":[1],"tags":[],"class_list":["post-472","post","type-post","status-publish","format-standard","hentry","category-bez-kategorii"],"_links":{"self":[{"href":"https:\/\/cter.edu.pl\/index.php?rest_route=\/wp\/v2\/posts\/472","targetHints":{"allow":["GET"]}}],"collection":[{"href":"https:\/\/cter.edu.pl\/index.php?rest_route=\/wp\/v2\/posts"}],"about":[{"href":"https:\/\/cter.edu.pl\/index.php?rest_route=\/wp\/v2\/types\/post"}],"author":[{"embeddable":true,"href":"https:\/\/cter.edu.pl\/index.php?rest_route=\/wp\/v2\/users\/1"}],"replies":[{"embeddable":true,"href":"https:\/\/cter.edu.pl\/index.php?rest_route=%2Fwp%2Fv2%2Fcomments&post=472"}],"version-history":[{"count":2,"href":"https:\/\/cter.edu.pl\/index.php?rest_route=\/wp\/v2\/posts\/472\/revisions"}],"predecessor-version":[{"id":474,"href":"https:\/\/cter.edu.pl\/index.php?rest_route=\/wp\/v2\/posts\/472\/revisions\/474"}],"wp:attachment":[{"href":"https:\/\/cter.edu.pl\/index.php?rest_route=%2Fwp%2Fv2%2Fmedia&parent=472"}],"wp:term":[{"taxonomy":"category","embeddable":true,"href":"https:\/\/cter.edu.pl\/index.php?rest_route=%2Fwp%2Fv2%2Fcategories&post=472"},{"taxonomy":"post_tag","embeddable":true,"href":"https:\/\/cter.edu.pl\/index.php?rest_route=%2Fwp%2Fv2%2Ftags&post=472"}],"curies":[{"name":"wp","href":"https:\/\/api.w.org\/{rel}","templated":true}]}}