{"id":482,"date":"2015-07-23T14:17:12","date_gmt":"2015-07-23T12:17:12","guid":{"rendered":"http:\/\/cteradmin.nazwa.pl\/wp\/?p=482"},"modified":"2015-10-27T08:34:44","modified_gmt":"2015-10-27T07:34:44","slug":"warsztaty-est-nasz-wielki-sukces","status":"publish","type":"post","link":"https:\/\/cter.edu.pl\/?p=482","title":{"rendered":"{:pl}Warsztaty EST! Nasz wielki sukces!{:}{:en}EST Seminar! Our great success!{:}"},"content":{"rendered":"<p style=\"text-align: justify;\"><a href=\"http:\/\/cteradmin.nazwa.pl\/wp\/wp-content\/uploads\/2014\/04\/est_logo.gif\"><img loading=\"lazy\" decoding=\"async\" class=\" size-full wp-image-321 alignleft\" src=\"http:\/\/cteradmin.nazwa.pl\/wp\/wp-content\/uploads\/2014\/04\/est_logo.gif\" alt=\"est_logo\" width=\"90\" height=\"97\" \/><\/a>W dniach <span style=\"color: #ff6600;\">29 czerwca \u2013 3 lipca br<\/span>. w Krakowie odby\u0142y si\u0119 warsztaty dla nauczycieli przek\u0142adu pod auspicjami Europejskiego Stowarzyszenia Przek\u0142adoznawczego (EST), Uniwersytetu Jagiello\u0144skiego i Uniwersytetu Pedagogicznego. W przedsi\u0119wzi\u0119ciu wzi\u0119\u0142o udzia\u0142 ponad 50 uczestnik\u00f3w z r\u00f3\u017cnych zak\u0105tk\u00f3w \u015bwiata. Warsztaty prowadzili specjali\u015bci z dziedziny dydaktyki przek\u0142adu: <strong>Dorothy Kelly,\u00a0Maureen Ehrensberger-Dow &amp;\u00a0Gary Massey,\u00a0Sharon O\u2019Brien,\u00a0Maria Piotrowska, El\u017cbieta Tabakowska,\u00a0<strong>Maria Gonz\u00e1lez-Davies. <\/strong><\/strong>Na zako\u0144czenie warsztat\u00f3w<strong><strong> Anthony Pym <\/strong><\/strong>wyg\u0142osi\u0142 wyk\u0142ad go\u015bcinny.<strong><strong>\u00a0<\/strong><\/strong>Wszyscy uczestnicy zapowiedzieli udzia\u0142 w I Kongresie CTER 2016.<\/p>\n<p>Serdecznie zapraszamy<\/p>\n","protected":false},"excerpt":{"rendered":"<p>W dniach 29 czerwca \u2013 3 lipca br. w Krakowie odby\u0142y si\u0119 warsztaty dla nauczycieli przek\u0142adu pod auspicjami Europejskiego Stowarzyszenia Przek\u0142adoznawczego (EST), Uniwersytetu Jagiello\u0144skiego i Uniwersytetu Pedagogicznego. W przedsi\u0119wzi\u0119ciu wzi\u0119\u0142o udzia\u0142 ponad 50 uczestnik\u00f3w z r\u00f3\u017cnych zak\u0105tk\u00f3w \u015bwiata. Warsztaty prowadzili specjali\u015bci z dziedziny dydaktyki przek\u0142adu: Dorothy Kelly,\u00a0Maureen Ehrensberger-Dow &amp;\u00a0Gary Massey,\u00a0Sharon O\u2019Brien,\u00a0Maria Piotrowska, El\u017cbieta Tabakowska,\u00a0Maria Gonz\u00e1lez-Davies. &hellip; <a href=\"https:\/\/cter.edu.pl\/?p=482\" class=\"more-link\">Continue reading <span class=\"screen-reader-text\">{:pl}Warsztaty EST! Nasz wielki sukces!{:}{:en}EST Seminar! Our great success!{:}<\/span> <span class=\"meta-nav\">&rarr;<\/span><\/a><\/p>\n","protected":false},"author":1,"featured_media":0,"comment_status":"closed","ping_status":"closed","sticky":false,"template":"","format":"standard","meta":{"footnotes":""},"categories":[1],"tags":[],"class_list":["post-482","post","type-post","status-publish","format-standard","hentry","category-bez-kategorii"],"_links":{"self":[{"href":"https:\/\/cter.edu.pl\/index.php?rest_route=\/wp\/v2\/posts\/482","targetHints":{"allow":["GET"]}}],"collection":[{"href":"https:\/\/cter.edu.pl\/index.php?rest_route=\/wp\/v2\/posts"}],"about":[{"href":"https:\/\/cter.edu.pl\/index.php?rest_route=\/wp\/v2\/types\/post"}],"author":[{"embeddable":true,"href":"https:\/\/cter.edu.pl\/index.php?rest_route=\/wp\/v2\/users\/1"}],"replies":[{"embeddable":true,"href":"https:\/\/cter.edu.pl\/index.php?rest_route=%2Fwp%2Fv2%2Fcomments&post=482"}],"version-history":[{"count":5,"href":"https:\/\/cter.edu.pl\/index.php?rest_route=\/wp\/v2\/posts\/482\/revisions"}],"predecessor-version":[{"id":690,"href":"https:\/\/cter.edu.pl\/index.php?rest_route=\/wp\/v2\/posts\/482\/revisions\/690"}],"wp:attachment":[{"href":"https:\/\/cter.edu.pl\/index.php?rest_route=%2Fwp%2Fv2%2Fmedia&parent=482"}],"wp:term":[{"taxonomy":"category","embeddable":true,"href":"https:\/\/cter.edu.pl\/index.php?rest_route=%2Fwp%2Fv2%2Fcategories&post=482"},{"taxonomy":"post_tag","embeddable":true,"href":"https:\/\/cter.edu.pl\/index.php?rest_route=%2Fwp%2Fv2%2Ftags&post=482"}],"curies":[{"name":"wp","href":"https:\/\/api.w.org\/{rel}","templated":true}]}}