{"id":4915,"date":"2021-09-15T16:48:35","date_gmt":"2021-09-15T14:48:35","guid":{"rendered":"http:\/\/cter.edu.pl\/?p=4915"},"modified":"2021-09-15T16:52:10","modified_gmt":"2021-09-15T14:52:10","slug":"4915-2","status":"publish","type":"post","link":"https:\/\/cter.edu.pl\/?p=4915&lang=pl","title":{"rendered":"Space is no distance (30.IX.2021)"},"content":{"rendered":"<p><img loading=\"lazy\" decoding=\"async\" class=\"wp-image-4897 aligncenter\" src=\"http:\/\/cter.edu.pl\/wp-content\/uploads\/2021\/09\/ITD_POSTER-216x300.png\" alt=\"\" width=\"186\" height=\"258\" srcset=\"https:\/\/cter.edu.pl\/wp-content\/uploads\/2021\/09\/ITD_POSTER-216x300.png 216w, https:\/\/cter.edu.pl\/wp-content\/uploads\/2021\/09\/ITD_POSTER.png 297w\" sizes=\"auto, (max-width: 186px) 100vw, 186px\" \/><\/p>\n<p style=\"text-align: center;\"><a href=\"http:\/\/cter.edu.pl\/wp-content\/uploads\/2021\/09\/ITD_POSTER-2.pdf\" target=\"_blank\" rel=\"noopener\">Plakat<\/a><\/p>\n<p style=\"text-align: justify;\">W ramach obchod\u00f3w przypadaj\u0105cej na 30 wrze\u015bnia rocznicy \u015bmierci \u015bw. Hieronima \u2013 patrona t\u0142umaczy, Konsorcjum do Bada\u0144 nad Edukacj\u0105 T\u0142umaczy (CTER) zaprasza do udzia\u0142u w internetowej dyskusji przy okr\u0105g\u0142ym stole na temat profili t\u0142umaczy i nauczycieli przek\u0142adu. Spotkanie b\u0119dzie okazj\u0105 m.in, do:<\/p>\n<ul>\n<li>podzielenia si\u0119 pomys\u0142ami dotycz\u0105cymi kszta\u0142cenia t\u0142umaczy<\/li>\n<li>integracji naukowc\u00f3w zainteresowanych dydaktyk\u0105 przek\u0142adu<\/li>\n<li>wsp\u00f3lnego \u015bwi\u0119towania Dnia T\u0142umacza<\/li>\n<\/ul>\n<p>Wi\u0119cej szczeg\u00f3\u0142\u00f3w oraz rejestracja <a href=\"http:\/\/cter.edu.pl\/space-is-no-distance\/\" target=\"_blank\" rel=\"noopener\">tutaj<\/a><\/p>\n","protected":false},"excerpt":{"rendered":"<p>Plakat W ramach obchod\u00f3w przypadaj\u0105cej na 30 wrze\u015bnia rocznicy \u015bmierci \u015bw. Hieronima \u2013 patrona t\u0142umaczy, Konsorcjum do Bada\u0144 nad Edukacj\u0105 T\u0142umaczy (CTER) zaprasza do udzia\u0142u w internetowej dyskusji przy okr\u0105g\u0142ym stole na temat profili t\u0142umaczy i nauczycieli przek\u0142adu. Spotkanie b\u0119dzie okazj\u0105 m.in, do: podzielenia si\u0119 pomys\u0142ami dotycz\u0105cymi kszta\u0142cenia t\u0142umaczy integracji naukowc\u00f3w zainteresowanych dydaktyk\u0105 przek\u0142adu wsp\u00f3lnego &hellip; <a href=\"https:\/\/cter.edu.pl\/?p=4915&#038;lang=pl\" class=\"more-link\">Continue reading <span class=\"screen-reader-text\">Space is no distance (30.IX.2021)<\/span> <span class=\"meta-nav\">&rarr;<\/span><\/a><\/p>\n","protected":false},"author":1,"featured_media":0,"comment_status":"closed","ping_status":"closed","sticky":false,"template":"","format":"standard","meta":{"footnotes":""},"categories":[35],"tags":[],"class_list":["post-4915","post","type-post","status-publish","format-standard","hentry","category-bez-kategorii-pl"],"_links":{"self":[{"href":"https:\/\/cter.edu.pl\/index.php?rest_route=\/wp\/v2\/posts\/4915","targetHints":{"allow":["GET"]}}],"collection":[{"href":"https:\/\/cter.edu.pl\/index.php?rest_route=\/wp\/v2\/posts"}],"about":[{"href":"https:\/\/cter.edu.pl\/index.php?rest_route=\/wp\/v2\/types\/post"}],"author":[{"embeddable":true,"href":"https:\/\/cter.edu.pl\/index.php?rest_route=\/wp\/v2\/users\/1"}],"replies":[{"embeddable":true,"href":"https:\/\/cter.edu.pl\/index.php?rest_route=%2Fwp%2Fv2%2Fcomments&post=4915"}],"version-history":[{"count":4,"href":"https:\/\/cter.edu.pl\/index.php?rest_route=\/wp\/v2\/posts\/4915\/revisions"}],"predecessor-version":[{"id":4920,"href":"https:\/\/cter.edu.pl\/index.php?rest_route=\/wp\/v2\/posts\/4915\/revisions\/4920"}],"wp:attachment":[{"href":"https:\/\/cter.edu.pl\/index.php?rest_route=%2Fwp%2Fv2%2Fmedia&parent=4915"}],"wp:term":[{"taxonomy":"category","embeddable":true,"href":"https:\/\/cter.edu.pl\/index.php?rest_route=%2Fwp%2Fv2%2Fcategories&post=4915"},{"taxonomy":"post_tag","embeddable":true,"href":"https:\/\/cter.edu.pl\/index.php?rest_route=%2Fwp%2Fv2%2Ftags&post=4915"}],"curies":[{"name":"wp","href":"https:\/\/api.w.org\/{rel}","templated":true}]}}