{"id":5397,"date":"2022-04-25T11:25:40","date_gmt":"2022-04-25T09:25:40","guid":{"rendered":"http:\/\/cter.edu.pl\/?p=5397"},"modified":"2022-04-25T11:32:07","modified_gmt":"2022-04-25T09:32:07","slug":"wybory-cter","status":"publish","type":"post","link":"https:\/\/cter.edu.pl\/?p=5397&lang=pl","title":{"rendered":"Wyniki wybor\u00f3w CTER (2022 r.)"},"content":{"rendered":"<p style=\"text-align: justify;\"><img loading=\"lazy\" decoding=\"async\" class=\"size-medium wp-image-5449 aligncenter\" src=\"http:\/\/cter.edu.pl\/wp-content\/uploads\/2022\/03\/cterelect-2-300x170.png\" alt=\"\" width=\"300\" height=\"170\" \/>Na prze\u0142omie marca i kwietnia odby\u0142y si\u0119 wybory na stanowisko przewodnicz\u0105cej\/przewodnicz\u0105cego CTER na lata 2022-2025. W wyniku g\u0142osowania pad\u0142 idealny remis, a po 50% wszystkich oddanych g\u0142os\u00f3w otrzymali dotychczasowa Przewodnicz\u0105ca CTER dr hab. prof. UJ Maria Piotrowska oraz dotychczasowy Sekretarz CTER dr Mariusz Marczak. W zwi\u0105zku z takim rozstrzygni\u0119ciem, obie strony podj\u0119\u0142y decyzj\u0119, \u017ce w obecnej kadencji CTER b\u0119dzie funkcjonowa\u0142 pod przewodnictwem dw\u00f3ch os\u00f3b. Przewodnicz\u0105c\u0105 CTER w okresie kwiecie\u0144 2022 r. &#8211; wrzesie\u0144 2023 r. pozostaje <strong>dr hab. prof. Maria Piotrowska<\/strong>, a w okresie pa\u017adziernik 2023 r.\u00a0 &#8211; marzec 2025 r. CTER przewodnictwo przejmie <strong>dr Mariusz Marczak<\/strong>. Oznacza to, \u017ce w drugiej po\u0142owie obecnej kadencji wy\u0142oniony zostanie nowy Sekretarz CTER.<\/p>\n","protected":false},"excerpt":{"rendered":"<p>Na prze\u0142omie marca i kwietnia odby\u0142y si\u0119 wybory na stanowisko przewodnicz\u0105cej\/przewodnicz\u0105cego CTER na lata 2022-2025. W wyniku g\u0142osowania pad\u0142 idealny remis, a po 50% wszystkich oddanych g\u0142os\u00f3w otrzymali dotychczasowa Przewodnicz\u0105ca CTER dr hab. prof. UJ Maria Piotrowska oraz dotychczasowy Sekretarz CTER dr Mariusz Marczak. W zwi\u0105zku z takim rozstrzygni\u0119ciem, obie strony podj\u0119\u0142y decyzj\u0119, \u017ce w &hellip; <a href=\"https:\/\/cter.edu.pl\/?p=5397&#038;lang=pl\" class=\"more-link\">Continue reading <span class=\"screen-reader-text\">Wyniki wybor\u00f3w CTER (2022 r.)<\/span> <span class=\"meta-nav\">&rarr;<\/span><\/a><\/p>\n","protected":false},"author":1,"featured_media":0,"comment_status":"closed","ping_status":"closed","sticky":false,"template":"","format":"standard","meta":{"footnotes":""},"categories":[35],"tags":[],"class_list":["post-5397","post","type-post","status-publish","format-standard","hentry","category-bez-kategorii-pl"],"_links":{"self":[{"href":"https:\/\/cter.edu.pl\/index.php?rest_route=\/wp\/v2\/posts\/5397","targetHints":{"allow":["GET"]}}],"collection":[{"href":"https:\/\/cter.edu.pl\/index.php?rest_route=\/wp\/v2\/posts"}],"about":[{"href":"https:\/\/cter.edu.pl\/index.php?rest_route=\/wp\/v2\/types\/post"}],"author":[{"embeddable":true,"href":"https:\/\/cter.edu.pl\/index.php?rest_route=\/wp\/v2\/users\/1"}],"replies":[{"embeddable":true,"href":"https:\/\/cter.edu.pl\/index.php?rest_route=%2Fwp%2Fv2%2Fcomments&post=5397"}],"version-history":[{"count":9,"href":"https:\/\/cter.edu.pl\/index.php?rest_route=\/wp\/v2\/posts\/5397\/revisions"}],"predecessor-version":[{"id":5509,"href":"https:\/\/cter.edu.pl\/index.php?rest_route=\/wp\/v2\/posts\/5397\/revisions\/5509"}],"wp:attachment":[{"href":"https:\/\/cter.edu.pl\/index.php?rest_route=%2Fwp%2Fv2%2Fmedia&parent=5397"}],"wp:term":[{"taxonomy":"category","embeddable":true,"href":"https:\/\/cter.edu.pl\/index.php?rest_route=%2Fwp%2Fv2%2Fcategories&post=5397"},{"taxonomy":"post_tag","embeddable":true,"href":"https:\/\/cter.edu.pl\/index.php?rest_route=%2Fwp%2Fv2%2Ftags&post=5397"}],"curies":[{"name":"wp","href":"https:\/\/api.w.org\/{rel}","templated":true}]}}