{"id":5401,"date":"2022-04-25T11:28:03","date_gmt":"2022-04-25T09:28:03","guid":{"rendered":"http:\/\/cter.edu.pl\/?p=5401"},"modified":"2022-04-25T11:30:13","modified_gmt":"2022-04-25T09:30:13","slug":"cotrzyletnie-zebranie-czlonkow-cter","status":"publish","type":"post","link":"https:\/\/cter.edu.pl\/?p=5401&lang=pl","title":{"rendered":"Walne zebranie CTER (7.04.2022)"},"content":{"rendered":"<p style=\"text-align: justify;\"><img loading=\"lazy\" decoding=\"async\" class=\"size-medium wp-image-5452 aligncenter\" src=\"http:\/\/cter.edu.pl\/wp-content\/uploads\/2022\/03\/ctermeeting-1-300x170.png\" alt=\"\" width=\"300\" height=\"170\" srcset=\"https:\/\/cter.edu.pl\/wp-content\/uploads\/2022\/03\/ctermeeting-1-300x170.png 300w, https:\/\/cter.edu.pl\/wp-content\/uploads\/2022\/03\/ctermeeting-1.png 400w\" sizes=\"auto, (max-width: 300px) 100vw, 300px\" \/>Z ogromn\u0105 przyjemno\u015bci\u0105 go\u015bcili\u015bmy cz\u0142onk\u00f3w Konsorcjum na cotrzyletnim walnym zebraniu cz\u0142onk\u00f3w CTER, kt\u00f3re odby\u0142o si\u0119 7 kwietnia 2022 r. Tym razem spotkali\u015bmy si\u0119 online, a podczas zebrania om\u00f3wiono nast\u0119puj\u0105ce kwestie:<\/p>\n<ul>\n<li>wybory prezydenckie do CTER;<\/li>\n<li>aktualne dane dotycz\u0105ce cz\u0142onkostwa w CTER;<\/li>\n<li>informacje o bie\u017c\u0105cych i planowanych projektach i wydarzeniach CTER;<\/li>\n<li>nieformalna dyskusja o dzia\u0142alno\u015bci CTER; oraz<\/li>\n<li>wszelkie inne sprawy.<\/li>\n<\/ul>\n<p>Do zobaczenia wkr\u00f3tce podczas kolejnych wydarze\u0144 organizowanych przez CTER!<\/p>\n","protected":false},"excerpt":{"rendered":"<p>Z ogromn\u0105 przyjemno\u015bci\u0105 go\u015bcili\u015bmy cz\u0142onk\u00f3w Konsorcjum na cotrzyletnim walnym zebraniu cz\u0142onk\u00f3w CTER, kt\u00f3re odby\u0142o si\u0119 7 kwietnia 2022 r. Tym razem spotkali\u015bmy si\u0119 online, a podczas zebrania om\u00f3wiono nast\u0119puj\u0105ce kwestie: wybory prezydenckie do CTER; aktualne dane dotycz\u0105ce cz\u0142onkostwa w CTER; informacje o bie\u017c\u0105cych i planowanych projektach i wydarzeniach CTER; nieformalna dyskusja o dzia\u0142alno\u015bci CTER; oraz &hellip; <a href=\"https:\/\/cter.edu.pl\/?p=5401&#038;lang=pl\" class=\"more-link\">Continue reading <span class=\"screen-reader-text\">Walne zebranie CTER (7.04.2022)<\/span> <span class=\"meta-nav\">&rarr;<\/span><\/a><\/p>\n","protected":false},"author":1,"featured_media":0,"comment_status":"closed","ping_status":"closed","sticky":false,"template":"","format":"standard","meta":{"footnotes":""},"categories":[35],"tags":[],"class_list":["post-5401","post","type-post","status-publish","format-standard","hentry","category-bez-kategorii-pl"],"_links":{"self":[{"href":"https:\/\/cter.edu.pl\/index.php?rest_route=\/wp\/v2\/posts\/5401","targetHints":{"allow":["GET"]}}],"collection":[{"href":"https:\/\/cter.edu.pl\/index.php?rest_route=\/wp\/v2\/posts"}],"about":[{"href":"https:\/\/cter.edu.pl\/index.php?rest_route=\/wp\/v2\/types\/post"}],"author":[{"embeddable":true,"href":"https:\/\/cter.edu.pl\/index.php?rest_route=\/wp\/v2\/users\/1"}],"replies":[{"embeddable":true,"href":"https:\/\/cter.edu.pl\/index.php?rest_route=%2Fwp%2Fv2%2Fcomments&post=5401"}],"version-history":[{"count":14,"href":"https:\/\/cter.edu.pl\/index.php?rest_route=\/wp\/v2\/posts\/5401\/revisions"}],"predecessor-version":[{"id":5507,"href":"https:\/\/cter.edu.pl\/index.php?rest_route=\/wp\/v2\/posts\/5401\/revisions\/5507"}],"wp:attachment":[{"href":"https:\/\/cter.edu.pl\/index.php?rest_route=%2Fwp%2Fv2%2Fmedia&parent=5401"}],"wp:term":[{"taxonomy":"category","embeddable":true,"href":"https:\/\/cter.edu.pl\/index.php?rest_route=%2Fwp%2Fv2%2Fcategories&post=5401"},{"taxonomy":"post_tag","embeddable":true,"href":"https:\/\/cter.edu.pl\/index.php?rest_route=%2Fwp%2Fv2%2Ftags&post=5401"}],"curies":[{"name":"wp","href":"https:\/\/api.w.org\/{rel}","templated":true}]}}