{"id":5531,"date":"2022-08-08T22:05:52","date_gmt":"2022-08-08T20:05:52","guid":{"rendered":"http:\/\/cter.edu.pl\/?p=5531"},"modified":"2022-08-08T22:06:44","modified_gmt":"2022-08-08T20:06:44","slug":"space-is-no-distance-2022-2","status":"publish","type":"post","link":"https:\/\/cter.edu.pl\/?p=5531&lang=pl","title":{"rendered":"Space is no distance 2022"},"content":{"rendered":"<p><img loading=\"lazy\" decoding=\"async\" class=\"wp-image-5515 size-medium aligncenter\" src=\"http:\/\/cter.edu.pl\/wp-content\/uploads\/2022\/08\/TD22_poster-212x300.png\" alt=\"\" width=\"212\" height=\"300\" srcset=\"https:\/\/cter.edu.pl\/wp-content\/uploads\/2022\/08\/TD22_poster-212x300.png 212w, https:\/\/cter.edu.pl\/wp-content\/uploads\/2022\/08\/TD22_poster.png 282w\" sizes=\"auto, (max-width: 212px) 100vw, 212px\" \/><\/p>\n<p style=\"text-align: center;\"><a href=\"http:\/\/cter.edu.pl\/wp-content\/uploads\/2022\/08\/TD22_poster.pdf\" target=\"_blank\" rel=\"noopener\">Plakat (w j\u0119zyku angielskim)<\/a><\/p>\n<p>Wzorem zesz\u0142ego roku, w ramach obchod\u00f3w przypadaj\u0105cej na 30 wrze\u015bnia rocznicy \u015bmierci \u015bw. Hieronima \u2013 patrona t\u0142umaczy, Konsorcjum do Bada\u0144 nad Edukacj\u0105 T\u0142umaczy (CTER) zaprasza do udzia\u0142u w internetowej dyskusji, kt\u00f3ra b\u0119dzie okazj\u0105 do:<\/p>\n<ul>\n<li>wymiany pomys\u0142\u00f3w i do\u015bwiadcze\u0144 dotycz\u0105cych kszta\u0142cenia t\u0142umaczy<\/li>\n<li>om\u00f3wienia zalet i problem\u00f3w zwi\u0105zanych z nauczaniem na odleg\u0142o\u015b\u0107<\/li>\n<li>integracji naukowc\u00f3w zainteresowanych dydaktyk\u0105 przek\u0142adu<\/li>\n<li>wsp\u00f3lnego \u015bwi\u0119towania Dnia T\u0142umacza*<\/li>\n<\/ul>\n<p>*International Translation Day (wg terminologii stosowanej przez EMT)<\/p>\n<p><strong>SZCZEG\u00d3\u0141Y:<\/strong><\/p>\n<ul>\n<li>Wydarzenie: Space is no distance<\/li>\n<li>Data i godzina: 30 wrze\u015bnia 2022 r., godz. 16.00 \u2013 17.30 (CET)<\/li>\n<li>Miejsce: MS Teams (email z zaproszeniem na zostanie wys\u0142any do zarejestrowanych uczestnik\u00f3w)<\/li>\n<li>Wymagania wst\u0119pne: motywacja, ewentualnie fili\u017canka samodzielnie przygotowanej kawy\/herbaty<\/li>\n<li><strong>Rejestracja: <\/strong>link dost\u0119pny w tre\u015bci plakatu<\/li>\n<\/ul>\n","protected":false},"excerpt":{"rendered":"<p>Plakat (w j\u0119zyku angielskim) Wzorem zesz\u0142ego roku, w ramach obchod\u00f3w przypadaj\u0105cej na 30 wrze\u015bnia rocznicy \u015bmierci \u015bw. Hieronima \u2013 patrona t\u0142umaczy, Konsorcjum do Bada\u0144 nad Edukacj\u0105 T\u0142umaczy (CTER) zaprasza do udzia\u0142u w internetowej dyskusji, kt\u00f3ra b\u0119dzie okazj\u0105 do: wymiany pomys\u0142\u00f3w i do\u015bwiadcze\u0144 dotycz\u0105cych kszta\u0142cenia t\u0142umaczy om\u00f3wienia zalet i problem\u00f3w zwi\u0105zanych z nauczaniem na odleg\u0142o\u015b\u0107 integracji &hellip; <a href=\"https:\/\/cter.edu.pl\/?p=5531&#038;lang=pl\" class=\"more-link\">Continue reading <span class=\"screen-reader-text\">Space is no distance 2022<\/span> <span class=\"meta-nav\">&rarr;<\/span><\/a><\/p>\n","protected":false},"author":1,"featured_media":0,"comment_status":"closed","ping_status":"closed","sticky":false,"template":"","format":"standard","meta":{"footnotes":""},"categories":[35],"tags":[],"class_list":["post-5531","post","type-post","status-publish","format-standard","hentry","category-bez-kategorii-pl"],"_links":{"self":[{"href":"https:\/\/cter.edu.pl\/index.php?rest_route=\/wp\/v2\/posts\/5531","targetHints":{"allow":["GET"]}}],"collection":[{"href":"https:\/\/cter.edu.pl\/index.php?rest_route=\/wp\/v2\/posts"}],"about":[{"href":"https:\/\/cter.edu.pl\/index.php?rest_route=\/wp\/v2\/types\/post"}],"author":[{"embeddable":true,"href":"https:\/\/cter.edu.pl\/index.php?rest_route=\/wp\/v2\/users\/1"}],"replies":[{"embeddable":true,"href":"https:\/\/cter.edu.pl\/index.php?rest_route=%2Fwp%2Fv2%2Fcomments&post=5531"}],"version-history":[{"count":2,"href":"https:\/\/cter.edu.pl\/index.php?rest_route=\/wp\/v2\/posts\/5531\/revisions"}],"predecessor-version":[{"id":5533,"href":"https:\/\/cter.edu.pl\/index.php?rest_route=\/wp\/v2\/posts\/5531\/revisions\/5533"}],"wp:attachment":[{"href":"https:\/\/cter.edu.pl\/index.php?rest_route=%2Fwp%2Fv2%2Fmedia&parent=5531"}],"wp:term":[{"taxonomy":"category","embeddable":true,"href":"https:\/\/cter.edu.pl\/index.php?rest_route=%2Fwp%2Fv2%2Fcategories&post=5531"},{"taxonomy":"post_tag","embeddable":true,"href":"https:\/\/cter.edu.pl\/index.php?rest_route=%2Fwp%2Fv2%2Ftags&post=5531"}],"curies":[{"name":"wp","href":"https:\/\/api.w.org\/{rel}","templated":true}]}}