{"id":5682,"date":"2023-03-06T23:19:41","date_gmt":"2023-03-06T22:19:41","guid":{"rendered":"https:\/\/cter.edu.pl\/?p=5682"},"modified":"2023-03-08T00:17:03","modified_gmt":"2023-03-07T23:17:03","slug":"wyklad-otwarty-prof-gary-massey","status":"publish","type":"post","link":"https:\/\/cter.edu.pl\/?p=5682&lang=pl","title":{"rendered":"Wyk\u0142ad otwarty: prof. Gary Massey: 16.03.2023"},"content":{"rendered":"\n<p class=\"wp-block-paragraph\">Katedra Przek\u0142adoznawstwa i Platforma Badawcza Translator \u2013 Educator \u2013 Research (TER), POB  Heritage UJ, zapraszaj\u0105 na wyk\u0142ad otwarty pt. <em>The hard thing about soft skills: Educating for today\u2019s language industry<\/em>, kt\u00f3ry wyg\u0142osi prof. Gary Massey z Zurich University of Applied Sciences (ZHAW). Wyk\u0142ad odb\u0119dzie si\u0119 w dniu 16 marca 2023 r. w godz. 12.00-13.30 w Auditorium Maximum przy ul. Krupniczej 33 w Krakowie (sala seminaryjna A).<\/p>\n\n\n\n<p class=\"wp-block-paragraph\"><\/p>\n\n\n\n<div data-wp-interactive=\"core\/file\" class=\"wp-block-file\"><object data-wp-bind--hidden=\"!state.hasPdfPreview\" hidden class=\"wp-block-file__embed\" data=\"https:\/\/cter.edu.pl\/wp-content\/uploads\/2023\/03\/GM-3.pdf\" type=\"application\/pdf\" style=\"width:100%;height:600px\" aria-label=\"Embed of Osadzone z GM-3..\"><\/object><a id=\"wp-block-file--media-690cf3f6-aad9-4f22-b38c-9b7099d01e35\" href=\"https:\/\/cter.edu.pl\/wp-content\/uploads\/2023\/03\/GM-3.pdf\">GM-3<\/a><a href=\"https:\/\/cter.edu.pl\/wp-content\/uploads\/2023\/03\/GM-3.pdf\" class=\"wp-block-file__button\" download aria-describedby=\"wp-block-file--media-690cf3f6-aad9-4f22-b38c-9b7099d01e35\">Pobierz plakat<\/a><\/div>\n","protected":false},"excerpt":{"rendered":"<p>Katedra Przek\u0142adoznawstwa i Platforma Badawcza Translator \u2013 Educator \u2013 Research (TER), POB Heritage UJ, zapraszaj\u0105 na wyk\u0142ad otwarty pt. The hard thing about soft skills: Educating for today\u2019s language industry, kt\u00f3ry wyg\u0142osi prof. Gary Massey z Zurich University of Applied Sciences (ZHAW). Wyk\u0142ad odb\u0119dzie si\u0119 w dniu 16 marca 2023 r. w godz. 12.00-13.30 w &hellip; <a href=\"https:\/\/cter.edu.pl\/?p=5682&#038;lang=pl\" class=\"more-link\">Continue reading <span class=\"screen-reader-text\">Wyk\u0142ad otwarty: prof. Gary Massey: 16.03.2023<\/span> <span class=\"meta-nav\">&rarr;<\/span><\/a><\/p>\n","protected":false},"author":1,"featured_media":0,"comment_status":"closed","ping_status":"closed","sticky":false,"template":"","format":"standard","meta":{"footnotes":""},"categories":[35],"tags":[],"class_list":["post-5682","post","type-post","status-publish","format-standard","hentry","category-bez-kategorii-pl"],"_links":{"self":[{"href":"https:\/\/cter.edu.pl\/index.php?rest_route=\/wp\/v2\/posts\/5682","targetHints":{"allow":["GET"]}}],"collection":[{"href":"https:\/\/cter.edu.pl\/index.php?rest_route=\/wp\/v2\/posts"}],"about":[{"href":"https:\/\/cter.edu.pl\/index.php?rest_route=\/wp\/v2\/types\/post"}],"author":[{"embeddable":true,"href":"https:\/\/cter.edu.pl\/index.php?rest_route=\/wp\/v2\/users\/1"}],"replies":[{"embeddable":true,"href":"https:\/\/cter.edu.pl\/index.php?rest_route=%2Fwp%2Fv2%2Fcomments&post=5682"}],"version-history":[{"count":7,"href":"https:\/\/cter.edu.pl\/index.php?rest_route=\/wp\/v2\/posts\/5682\/revisions"}],"predecessor-version":[{"id":5755,"href":"https:\/\/cter.edu.pl\/index.php?rest_route=\/wp\/v2\/posts\/5682\/revisions\/5755"}],"wp:attachment":[{"href":"https:\/\/cter.edu.pl\/index.php?rest_route=%2Fwp%2Fv2%2Fmedia&parent=5682"}],"wp:term":[{"taxonomy":"category","embeddable":true,"href":"https:\/\/cter.edu.pl\/index.php?rest_route=%2Fwp%2Fv2%2Fcategories&post=5682"},{"taxonomy":"post_tag","embeddable":true,"href":"https:\/\/cter.edu.pl\/index.php?rest_route=%2Fwp%2Fv2%2Ftags&post=5682"}],"curies":[{"name":"wp","href":"https:\/\/api.w.org\/{rel}","templated":true}]}}