{"id":5693,"date":"2023-03-06T23:34:06","date_gmt":"2023-03-06T22:34:06","guid":{"rendered":"https:\/\/cter.edu.pl\/?p=5693"},"modified":"2023-03-07T11:19:08","modified_gmt":"2023-03-07T10:19:08","slug":"wyklad-otwarty-lara-albertinazzi","status":"publish","type":"post","link":"https:\/\/cter.edu.pl\/?p=5693&lang=pl","title":{"rendered":"Wyk\u0142ad otwarty: Lara Albertinazzi: 17.03.2023"},"content":{"rendered":"\n<p class=\"wp-block-paragraph\">Katedra Przek\u0142adoznawstwa serdecznie zaprasza na wyk\u0142ad otwarty pt. <em>Legal Translation at the European Court of Justice: Processes, Practices and Profile<\/em>s, kt\u00f3ry wyg\u0142osi Lara Albertinazzi z Trybuna\u0142u Sprawiedliwo\u015bci Unii Europejskiej. Wyk\u0142ad odb\u0119dzie si\u0119 w dniu 17 marca 2023 r. w godz. 12.00-13.30 w Auditorium Maximum przy ul. Krupniczej 33 w Krakowie (Aula Ma\u0142a).<\/p>\n\n\n\n<p class=\"wp-block-paragraph\"><\/p>\n\n\n\n<div data-wp-interactive=\"core\/file\" class=\"wp-block-file\"><object data-wp-bind--hidden=\"!state.hasPdfPreview\" hidden class=\"wp-block-file__embed\" data=\"https:\/\/cter.edu.pl\/wp-content\/uploads\/2023\/03\/TER_open-lecture-L.A..pdf\" type=\"application\/pdf\" style=\"width:100%;height:600px\" aria-label=\"Embed of Osadzone z TER_open-lecture-L.A...\"><\/object><a id=\"wp-block-file--media-0be2b933-a328-41f3-982a-a06dac17be75\" href=\"https:\/\/cter.edu.pl\/wp-content\/uploads\/2023\/03\/TER_open-lecture-L.A..pdf\">TER_open-lecture-L.A.<\/a><a href=\"https:\/\/cter.edu.pl\/wp-content\/uploads\/2023\/03\/TER_open-lecture-L.A..pdf\" class=\"wp-block-file__button\" download aria-describedby=\"wp-block-file--media-0be2b933-a328-41f3-982a-a06dac17be75\">Pobierz plakat<\/a><\/div>\n","protected":false},"excerpt":{"rendered":"<p>Katedra Przek\u0142adoznawstwa serdecznie zaprasza na wyk\u0142ad otwarty pt. Legal Translation at the European Court of Justice: Processes, Practices and Profiles, kt\u00f3ry wyg\u0142osi Lara Albertinazzi z Trybuna\u0142u Sprawiedliwo\u015bci Unii Europejskiej. Wyk\u0142ad odb\u0119dzie si\u0119 w dniu 17 marca 2023 r. w godz. 12.00-13.30 w Auditorium Maximum przy ul. Krupniczej 33 w Krakowie (Aula Ma\u0142a).<\/p>\n","protected":false},"author":1,"featured_media":0,"comment_status":"closed","ping_status":"closed","sticky":false,"template":"","format":"standard","meta":{"footnotes":""},"categories":[35],"tags":[],"class_list":["post-5693","post","type-post","status-publish","format-standard","hentry","category-bez-kategorii-pl"],"_links":{"self":[{"href":"https:\/\/cter.edu.pl\/index.php?rest_route=\/wp\/v2\/posts\/5693","targetHints":{"allow":["GET"]}}],"collection":[{"href":"https:\/\/cter.edu.pl\/index.php?rest_route=\/wp\/v2\/posts"}],"about":[{"href":"https:\/\/cter.edu.pl\/index.php?rest_route=\/wp\/v2\/types\/post"}],"author":[{"embeddable":true,"href":"https:\/\/cter.edu.pl\/index.php?rest_route=\/wp\/v2\/users\/1"}],"replies":[{"embeddable":true,"href":"https:\/\/cter.edu.pl\/index.php?rest_route=%2Fwp%2Fv2%2Fcomments&post=5693"}],"version-history":[{"count":7,"href":"https:\/\/cter.edu.pl\/index.php?rest_route=\/wp\/v2\/posts\/5693\/revisions"}],"predecessor-version":[{"id":5723,"href":"https:\/\/cter.edu.pl\/index.php?rest_route=\/wp\/v2\/posts\/5693\/revisions\/5723"}],"wp:attachment":[{"href":"https:\/\/cter.edu.pl\/index.php?rest_route=%2Fwp%2Fv2%2Fmedia&parent=5693"}],"wp:term":[{"taxonomy":"category","embeddable":true,"href":"https:\/\/cter.edu.pl\/index.php?rest_route=%2Fwp%2Fv2%2Fcategories&post=5693"},{"taxonomy":"post_tag","embeddable":true,"href":"https:\/\/cter.edu.pl\/index.php?rest_route=%2Fwp%2Fv2%2Ftags&post=5693"}],"curies":[{"name":"wp","href":"https:\/\/api.w.org\/{rel}","templated":true}]}}