{"id":5777,"date":"2024-09-03T12:20:12","date_gmt":"2024-09-03T10:20:12","guid":{"rendered":"https:\/\/cter.edu.pl\/?p=5777"},"modified":"2024-09-18T13:59:37","modified_gmt":"2024-09-18T11:59:37","slug":"hieronimki-2","status":"publish","type":"post","link":"https:\/\/cter.edu.pl\/?p=5777&lang=pl","title":{"rendered":"Hieronimki 2024 (30.09.2024, 15:00)"},"content":{"rendered":"\n<p class=\"wp-block-paragraph\">Serdecznie zapraszamy na Hieronimki, kt\u00f3re odb\u0119d\u0105 si\u0119 w\u00a0 dniu <strong>30 wrze\u015bnia, 2024 r. <\/strong>w godzinach <strong>15.00-16.00<\/strong>.<\/p>\n\n\n<div class=\"wp-block-image\">\n<figure class=\"aligncenter size-full\"><img loading=\"lazy\" decoding=\"async\" width=\"546\" height=\"104\" src=\"http:\/\/cter.edu.pl\/wp-content\/uploads\/2024\/09\/image-4.png\" alt=\"\" class=\"wp-image-6289\" srcset=\"https:\/\/cter.edu.pl\/wp-content\/uploads\/2024\/09\/image-4.png 546w, https:\/\/cter.edu.pl\/wp-content\/uploads\/2024\/09\/image-4-300x57.png 300w\" sizes=\"auto, (max-width: 546px) 100vw, 546px\" \/><\/figure>\n<\/div>\n\n\n<p class=\"wp-block-paragraph\">Hieronimki 2024 b\u0119d\u0105 doskona\u0142\u0105 okazj\u0105, by po raz kolejny uczci\u0107<em> Mi\u0119dzynarodowy Dzie\u0144 T\u0142umacza<\/em>, a przy okazji spotka\u0107 si\u0119 w gronie cz\u0142onk\u00f3w CTER przed nadchodz\u0105cym rokiem akademickim. Cho\u0107 wydarzenie adresowane jest przede wszystkim do cz\u0142onk\u00f3w Konsorcjum do Bada\u0144 nad Edukacj\u0105 T\u0142umaczy (CTER), serdecznie zapraszamy do udzia\u0142u w wydarzeniu wszystkich zainteresowanych.<\/p>\n\n\n\n<p class=\"wp-block-paragraph\">Tradycyjnie spotkanie b\u0119dzie mia\u0142o nieformalny charakter, ale dla orientacji poni\u017cej zamieszczamy jego szkicowy program. &nbsp;<\/p>\n\n\n\n<ol class=\"wp-block-list\">\n<li><strong>Powitanie<\/strong><\/li>\n\n\n\n<li><strong>Aktualno\u015bci CTER<\/strong><br>&#8211; nadchodz\u0105ce wydarzenia (CTER 2025)<br>&#8211; wsp\u00f3\u0142praca w ramach CTER <br>&#8211; nowe inicjatywy (og\u0142oszenie w trakcie spotkania)<\/li>\n\n\n\n<li><strong>Gdzie spotykaj\u0105 si\u0119 siostry: Rzut oka na APTIS<\/strong><br>(The Association of Programmes in Translation and Interpreting , UK and Ireland)<br>&#8211; Go\u015b\u0107 specialny: prof. Lucia Pintado Gutierrez (President of APTIS)<br>&#8211; Go\u015b\u0107 specialny: prof. JC Penet (former President of APTIS)<\/li>\n\n\n\n<li><strong>Prezentacja bada\u0144<\/strong><\/li>\n\n\n\n<li><strong>Wyzwania, problemy i pomys\u0142y w nowym roku akademicki<\/strong><\/li>\n\n\n\n<li><strong>Lu\u017ana rozmowa i wszelkie inne sprawy<\/strong><\/li>\n<\/ol>\n\n\n\n<p class=\"wp-block-paragraph\">&nbsp;<em><mark style=\"background-color:#409a9a\" class=\"has-inline-color has-white-color\">Mo\u017cliwe aktualizacje programu<\/mark><\/em><\/p>\n\n\n\n<p class=\"wp-block-paragraph\"><strong>Formularz<\/strong> <strong>rejestracyjny<\/strong> mo\u017cna wype\u0142ni\u0107 <a href=\"https:\/\/forms.office.com\/e\/RS04ZuSHhH\"><strong>tutaj<\/strong><\/a>, a termin rejestracji up\u0142ywa 26.09, godz. 23:45. Link do spotkania na platformie MS Teams zostanie rozes\u0142any do zarejestrowanych uczestnik\u00f3w mailem po 26.09.2024 r.<\/p>\n","protected":false},"excerpt":{"rendered":"<p>Serdecznie zapraszamy na Hieronimki, kt\u00f3re odb\u0119d\u0105 si\u0119 w\u00a0 dniu 30 wrze\u015bnia, 2024 r. w godzinach 15.00-16.00. Hieronimki 2024 b\u0119d\u0105 doskona\u0142\u0105 okazj\u0105, by po raz kolejny uczci\u0107 Mi\u0119dzynarodowy Dzie\u0144 T\u0142umacza, a przy okazji spotka\u0107 si\u0119 w gronie cz\u0142onk\u00f3w CTER przed nadchodz\u0105cym rokiem akademickim. Cho\u0107 wydarzenie adresowane jest przede wszystkim do cz\u0142onk\u00f3w Konsorcjum do Bada\u0144 nad Edukacj\u0105 &hellip; <a href=\"https:\/\/cter.edu.pl\/?p=5777&#038;lang=pl\" class=\"more-link\">Continue reading <span class=\"screen-reader-text\">Hieronimki 2024 (30.09.2024, 15:00)<\/span> <span class=\"meta-nav\">&rarr;<\/span><\/a><\/p>\n","protected":false},"author":1,"featured_media":0,"comment_status":"closed","ping_status":"closed","sticky":false,"template":"","format":"standard","meta":{"footnotes":""},"categories":[35],"tags":[],"class_list":["post-5777","post","type-post","status-publish","format-standard","hentry","category-bez-kategorii-pl"],"_links":{"self":[{"href":"https:\/\/cter.edu.pl\/index.php?rest_route=\/wp\/v2\/posts\/5777","targetHints":{"allow":["GET"]}}],"collection":[{"href":"https:\/\/cter.edu.pl\/index.php?rest_route=\/wp\/v2\/posts"}],"about":[{"href":"https:\/\/cter.edu.pl\/index.php?rest_route=\/wp\/v2\/types\/post"}],"author":[{"embeddable":true,"href":"https:\/\/cter.edu.pl\/index.php?rest_route=\/wp\/v2\/users\/1"}],"replies":[{"embeddable":true,"href":"https:\/\/cter.edu.pl\/index.php?rest_route=%2Fwp%2Fv2%2Fcomments&post=5777"}],"version-history":[{"count":18,"href":"https:\/\/cter.edu.pl\/index.php?rest_route=\/wp\/v2\/posts\/5777\/revisions"}],"predecessor-version":[{"id":6290,"href":"https:\/\/cter.edu.pl\/index.php?rest_route=\/wp\/v2\/posts\/5777\/revisions\/6290"}],"wp:attachment":[{"href":"https:\/\/cter.edu.pl\/index.php?rest_route=%2Fwp%2Fv2%2Fmedia&parent=5777"}],"wp:term":[{"taxonomy":"category","embeddable":true,"href":"https:\/\/cter.edu.pl\/index.php?rest_route=%2Fwp%2Fv2%2Fcategories&post=5777"},{"taxonomy":"post_tag","embeddable":true,"href":"https:\/\/cter.edu.pl\/index.php?rest_route=%2Fwp%2Fv2%2Ftags&post=5777"}],"curies":[{"name":"wp","href":"https:\/\/api.w.org\/{rel}","templated":true}]}}