{"id":626,"date":"2016-03-29T21:44:37","date_gmt":"2016-03-29T19:44:37","guid":{"rendered":"http:\/\/cteradmin.nazwa.pl\/wp\/?p=626"},"modified":"2019-03-19T21:25:41","modified_gmt":"2019-03-19T20:25:41","slug":"pierwszy-kongres-cter-2016","status":"publish","type":"post","link":"https:\/\/cter.edu.pl\/?p=626&lang=pl","title":{"rendered":"Pierwszy Kongres CTER 2016"},"content":{"rendered":"<p style=\"text-align: justify;\"><img loading=\"lazy\" decoding=\"async\" class=\"wp-image-1389 alignleft\" src=\"http:\/\/cteradmin.nazwa.pl\/wp\/wp-content\/uploads\/2016\/01\/1a21.png\" alt=\"1a2\" width=\"203\" height=\"86\" srcset=\"https:\/\/cter.edu.pl\/wp-content\/uploads\/2016\/01\/1a21.png 499w, https:\/\/cter.edu.pl\/wp-content\/uploads\/2016\/01\/1a21-300x127.png 300w\" sizes=\"auto, (max-width: 203px) 100vw, 203px\" \/>Za nami Pierwszy Kongres, kt\u00f3ry odby\u0142 si\u0119\u00a0 w Krakowie w dniach 14-16 marca 2016\u00a0 r. pod has\u0142em <em>Inspirations for Translation Pedagogy. <\/em>Kongres zgromadzi\u0142 ok. 70 uczestnik\u00f3w, a w\u015br\u00f3d nich: cz\u0142onk\u00f3w i kandydat\u00f3w na cz\u0142onk\u00f3w Konsorcjum oraz zaproszonych go\u015bci, prof. Christine Schaeffner i prof. Anthony&#8217;ego Pyma\u00a0 &#8211; przewodnicz\u0105cego Europejskiego Stowarzyszenia T\u0142umaczy. Wydarzenie by\u0142o doskona\u0142\u0105 okazj\u0105 do wymiany wiedzy i do\u015bwiadcze\u0144 z zakresu dydaktyki przek\u0142adu, zar\u00f3wno podczas oficjalnych sesji obradowych, jak i podczas rozm\u00f3w w kuluarach.<\/p>\n<p style=\"text-align: justify;\"><a href=\"\/cter2016\">Dokumentacja wydarzenia<\/a><\/p>\n","protected":false},"excerpt":{"rendered":"<p>Za nami Pierwszy Kongres, kt\u00f3ry odby\u0142 si\u0119\u00a0 w Krakowie w dniach 14-16 marca 2016\u00a0 r. pod has\u0142em Inspirations for Translation Pedagogy. Kongres zgromadzi\u0142 ok. 70 uczestnik\u00f3w, a w\u015br\u00f3d nich: cz\u0142onk\u00f3w i kandydat\u00f3w na cz\u0142onk\u00f3w Konsorcjum oraz zaproszonych go\u015bci, prof. Christine Schaeffner i prof. Anthony&#8217;ego Pyma\u00a0 &#8211; przewodnicz\u0105cego Europejskiego Stowarzyszenia T\u0142umaczy. Wydarzenie by\u0142o doskona\u0142\u0105 okazj\u0105 do &hellip; <a href=\"https:\/\/cter.edu.pl\/?p=626&#038;lang=pl\" class=\"more-link\">Continue reading <span class=\"screen-reader-text\">Pierwszy Kongres CTER 2016<\/span> <span class=\"meta-nav\">&rarr;<\/span><\/a><\/p>\n","protected":false},"author":1,"featured_media":0,"comment_status":"closed","ping_status":"closed","sticky":false,"template":"","format":"standard","meta":{"footnotes":""},"categories":[35],"tags":[],"class_list":["post-626","post","type-post","status-publish","format-standard","hentry","category-bez-kategorii-pl"],"_links":{"self":[{"href":"https:\/\/cter.edu.pl\/index.php?rest_route=\/wp\/v2\/posts\/626","targetHints":{"allow":["GET"]}}],"collection":[{"href":"https:\/\/cter.edu.pl\/index.php?rest_route=\/wp\/v2\/posts"}],"about":[{"href":"https:\/\/cter.edu.pl\/index.php?rest_route=\/wp\/v2\/types\/post"}],"author":[{"embeddable":true,"href":"https:\/\/cter.edu.pl\/index.php?rest_route=\/wp\/v2\/users\/1"}],"replies":[{"embeddable":true,"href":"https:\/\/cter.edu.pl\/index.php?rest_route=%2Fwp%2Fv2%2Fcomments&post=626"}],"version-history":[{"count":24,"href":"https:\/\/cter.edu.pl\/index.php?rest_route=\/wp\/v2\/posts\/626\/revisions"}],"predecessor-version":[{"id":4097,"href":"https:\/\/cter.edu.pl\/index.php?rest_route=\/wp\/v2\/posts\/626\/revisions\/4097"}],"wp:attachment":[{"href":"https:\/\/cter.edu.pl\/index.php?rest_route=%2Fwp%2Fv2%2Fmedia&parent=626"}],"wp:term":[{"taxonomy":"category","embeddable":true,"href":"https:\/\/cter.edu.pl\/index.php?rest_route=%2Fwp%2Fv2%2Fcategories&post=626"},{"taxonomy":"post_tag","embeddable":true,"href":"https:\/\/cter.edu.pl\/index.php?rest_route=%2Fwp%2Fv2%2Ftags&post=626"}],"curies":[{"name":"wp","href":"https:\/\/api.w.org\/{rel}","templated":true}]}}