{"id":6373,"date":"2024-11-06T00:02:49","date_gmt":"2024-11-05T23:02:49","guid":{"rendered":"http:\/\/cter.edu.pl\/?p=6373"},"modified":"2024-11-06T00:03:13","modified_gmt":"2024-11-05T23:03:13","slug":"cter-2025-wydluzamy-termin","status":"publish","type":"post","link":"https:\/\/cter.edu.pl\/?p=6373&lang=pl","title":{"rendered":"CTER 2025: wyd\u0142u\u017camy termin (30.11.24)"},"content":{"rendered":"\n<p><img loading=\"lazy\" decoding=\"async\" class=\"size-medium wp-image-6003 aligncenter\" src=\"http:\/\/cter.edu.pl\/wp-content\/uploads\/2024\/03\/CTER2025_logo-300x75.jpg\" alt=\"\" width=\"300\" height=\"75\" srcset=\"https:\/\/cter.edu.pl\/wp-content\/uploads\/2024\/03\/CTER2025_logo-300x75.jpg 300w, https:\/\/cter.edu.pl\/wp-content\/uploads\/2024\/03\/CTER2025_logo-1024x255.jpg 1024w, https:\/\/cter.edu.pl\/wp-content\/uploads\/2024\/03\/CTER2025_logo-768x191.jpg 768w, https:\/\/cter.edu.pl\/wp-content\/uploads\/2024\/03\/CTER2025_logo.jpg 1104w\" sizes=\"auto, (max-width: 300px) 100vw, 300px\" \/>Na pro\u015bb\u0119 wielu os\u00f3b, kt\u00f3rym nie uda\u0142o si\u0119 dotrzyma\u0107 pa\u017adziernikowego terminu wyd\u0142u\u017camy termin sk\u0142adania abstrakt\u00f3w na IV Kongres CTER (CTER 2025) do 30 listopada 2024 r.\u00a0 Czekamy na Pa\u0144stwa 17-18 marca 2025 r. w Krakowie. Wi\u0119cej szczeg\u00f3\u0142\u00f3w dost\u0119pnych jest na stronie internetowej Kongresu.<\/p>\n<p>*Powy\u017cszy obraz zawiera zmodyfikowane elementy graficzne ze strony freepics.com<\/p>\n","protected":false},"excerpt":{"rendered":"","protected":false},"author":1,"featured_media":0,"comment_status":"closed","ping_status":"closed","sticky":false,"template":"","format":"standard","meta":{"footnotes":""},"categories":[35],"tags":[],"class_list":["post-6373","post","type-post","status-publish","format-standard","hentry","category-bez-kategorii-pl"],"_links":{"self":[{"href":"https:\/\/cter.edu.pl\/index.php?rest_route=\/wp\/v2\/posts\/6373","targetHints":{"allow":["GET"]}}],"collection":[{"href":"https:\/\/cter.edu.pl\/index.php?rest_route=\/wp\/v2\/posts"}],"about":[{"href":"https:\/\/cter.edu.pl\/index.php?rest_route=\/wp\/v2\/types\/post"}],"author":[{"embeddable":true,"href":"https:\/\/cter.edu.pl\/index.php?rest_route=\/wp\/v2\/users\/1"}],"replies":[{"embeddable":true,"href":"https:\/\/cter.edu.pl\/index.php?rest_route=%2Fwp%2Fv2%2Fcomments&post=6373"}],"version-history":[{"count":3,"href":"https:\/\/cter.edu.pl\/index.php?rest_route=\/wp\/v2\/posts\/6373\/revisions"}],"predecessor-version":[{"id":7462,"href":"https:\/\/cter.edu.pl\/index.php?rest_route=\/wp\/v2\/posts\/6373\/revisions\/7462"}],"wp:attachment":[{"href":"https:\/\/cter.edu.pl\/index.php?rest_route=%2Fwp%2Fv2%2Fmedia&parent=6373"}],"wp:term":[{"taxonomy":"category","embeddable":true,"href":"https:\/\/cter.edu.pl\/index.php?rest_route=%2Fwp%2Fv2%2Fcategories&post=6373"},{"taxonomy":"post_tag","embeddable":true,"href":"https:\/\/cter.edu.pl\/index.php?rest_route=%2Fwp%2Fv2%2Ftags&post=6373"}],"curies":[{"name":"wp","href":"https:\/\/api.w.org\/{rel}","templated":true}]}}