{"id":7482,"date":"2025-04-29T22:54:50","date_gmt":"2025-04-29T20:54:50","guid":{"rendered":"https:\/\/cter.edu.pl\/?p=7482"},"modified":"2025-04-30T10:37:36","modified_gmt":"2025-04-30T08:37:36","slug":"15-lipca-2025-mija-termin-zglaszania-abstraktow-do-itt","status":"publish","type":"post","link":"https:\/\/cter.edu.pl\/?p=7482&lang=pl","title":{"rendered":"15 lipca 2025: Termin zg\u0142aszania abstrakt\u00f3w do ITT SI (CTER 2025)"},"content":{"rendered":"<p>Zapraszamy do zg\u0142aszania artyku\u0142\u00f3w do numeru specjalnego czasopisma <em>The Interpreter and Translator Trainer (ITT)<\/em>. Celem numeru jest refleksja nad tym, w jaki spos\u00f3b programy kszta\u0142cenia reaguj\u0105 na wyzwania etyczne, zawodowe i rynkowe we wsp\u00f3\u0142czesnym sektorze us\u0142ug j\u0119zykowych.<\/p>\n<ul>\n<li>Termin zg\u0142aszania abstrakt\u00f3w: <strong>15 lipca 2025<\/strong><\/li>\n<li>Termin nadsy\u0142ania pe\u0142nych tekst\u00f3w: <strong>31 stycznia 2026<\/strong><\/li>\n<li>Data publikacji: <strong>czerwiec 2027<\/strong><\/li>\n<\/ul>\n<p><strong>Redaktorzy<\/strong> numeru specjalnego:\u00a0Gary Massey (ZHAW),\u00a0JC Penet (Newcastle University) i\u00a0Olga Mastela (UJ)<\/p>\n<p>Szczeg\u00f3\u0142y dotycz\u0105ce zg\u0142aszania artyku\u0142\u00f3w dost\u0119pne s\u0105 <a href=\"https:\/\/think.taylorandfrancis.com\/special_issues\/values-ti-pedagogy-educating-professionals-todays-language-industry\/\">tutaj<\/a>.<\/p>\n","protected":false},"excerpt":{"rendered":"<p>Zapraszamy do zg\u0142aszania artyku\u0142\u00f3w do numeru specjalnego czasopisma The Interpreter and Translator Trainer (ITT). Celem numeru jest refleksja nad tym, w jaki spos\u00f3b programy kszta\u0142cenia reaguj\u0105 na wyzwania etyczne, zawodowe i rynkowe we wsp\u00f3\u0142czesnym sektorze us\u0142ug j\u0119zykowych. Termin zg\u0142aszania abstrakt\u00f3w: 15 lipca 2025 Termin nadsy\u0142ania pe\u0142nych tekst\u00f3w: 31 stycznia 2026 Data publikacji: czerwiec 2027 Redaktorzy &hellip; <a href=\"https:\/\/cter.edu.pl\/?p=7482&#038;lang=pl\" class=\"more-link\">Continue reading <span class=\"screen-reader-text\">15 lipca 2025: Termin zg\u0142aszania abstrakt\u00f3w do ITT SI (CTER 2025)<\/span> <span class=\"meta-nav\">&rarr;<\/span><\/a><\/p>\n","protected":false},"author":1,"featured_media":0,"comment_status":"closed","ping_status":"closed","sticky":false,"template":"","format":"standard","meta":{"footnotes":""},"categories":[35],"tags":[],"class_list":["post-7482","post","type-post","status-publish","format-standard","hentry","category-bez-kategorii-pl"],"_links":{"self":[{"href":"https:\/\/cter.edu.pl\/index.php?rest_route=\/wp\/v2\/posts\/7482","targetHints":{"allow":["GET"]}}],"collection":[{"href":"https:\/\/cter.edu.pl\/index.php?rest_route=\/wp\/v2\/posts"}],"about":[{"href":"https:\/\/cter.edu.pl\/index.php?rest_route=\/wp\/v2\/types\/post"}],"author":[{"embeddable":true,"href":"https:\/\/cter.edu.pl\/index.php?rest_route=\/wp\/v2\/users\/1"}],"replies":[{"embeddable":true,"href":"https:\/\/cter.edu.pl\/index.php?rest_route=%2Fwp%2Fv2%2Fcomments&post=7482"}],"version-history":[{"count":8,"href":"https:\/\/cter.edu.pl\/index.php?rest_route=\/wp\/v2\/posts\/7482\/revisions"}],"predecessor-version":[{"id":7502,"href":"https:\/\/cter.edu.pl\/index.php?rest_route=\/wp\/v2\/posts\/7482\/revisions\/7502"}],"wp:attachment":[{"href":"https:\/\/cter.edu.pl\/index.php?rest_route=%2Fwp%2Fv2%2Fmedia&parent=7482"}],"wp:term":[{"taxonomy":"category","embeddable":true,"href":"https:\/\/cter.edu.pl\/index.php?rest_route=%2Fwp%2Fv2%2Fcategories&post=7482"},{"taxonomy":"post_tag","embeddable":true,"href":"https:\/\/cter.edu.pl\/index.php?rest_route=%2Fwp%2Fv2%2Ftags&post=7482"}],"curies":[{"name":"wp","href":"https:\/\/api.w.org\/{rel}","templated":true}]}}