{"id":7538,"date":"2025-06-27T21:18:13","date_gmt":"2025-06-27T19:18:13","guid":{"rendered":"https:\/\/cter.edu.pl\/?p=7538"},"modified":"2025-06-27T21:59:58","modified_gmt":"2025-06-27T19:59:58","slug":"prof-mariusz-marczak-elected-cter-president-for-2025-2028","status":"publish","type":"post","link":"https:\/\/cter.edu.pl\/?p=7538&lang=pl","title":{"rendered":"Prof. Mariusz Marczak Przewodnicz\u0105cym CTER na lata 2025-2028"},"content":{"rendered":"<p>Z przyjemno\u015bci\u0105 informujemy, \u017ce prof. Mariusz Marczak zosta\u0142 wybrany na stanowisko Przewodnicz\u0105cego CTER na kadencj\u0119 2025-2028. W imieniu ca\u0142ej spo\u0142eczno\u015bci CTER serdecznie gratulujemy!<br \/>\nPragniemy r\u00f3wnie\u017c podzi\u0119kowa\u0107 wszystkim nominowanym za ich zaanga\u017cowanie i oddanie misji CTER. Szczeg\u00f3lne wyrazy uznania kierujemy do prof. Marii Piotrowskiej, kt\u00f3ra zgodzi\u0142a si\u0119 przyj\u0105\u0107 tytu\u0142 Honorowej Przewodnicz\u0105cej w uznaniu Jej ogromnego wk\u0142adu w dotychczasow\u0105 dzia\u0142alno\u015b\u0107 Konsorcjum.<br \/>\nJednocze\u015bnie liczymy na Pa\u0144stwa aktywne zaanga\u017cowanie w dalsze dzia\u0142ania na rzecz budowania jeszcze bardziej dynamicznej i innowacyjnej spo\u0142eczno\u015bci nauczycieli przek\u0142adu.<\/p>\n","protected":false},"excerpt":{"rendered":"<p>Z przyjemno\u015bci\u0105 informujemy, \u017ce prof. Mariusz Marczak zosta\u0142 wybrany na stanowisko Przewodnicz\u0105cego CTER na kadencj\u0119 2025-2028. W imieniu ca\u0142ej spo\u0142eczno\u015bci CTER serdecznie gratulujemy! Pragniemy r\u00f3wnie\u017c podzi\u0119kowa\u0107 wszystkim nominowanym za ich zaanga\u017cowanie i oddanie misji CTER. Szczeg\u00f3lne wyrazy uznania kierujemy do prof. Marii Piotrowskiej, kt\u00f3ra zgodzi\u0142a si\u0119 przyj\u0105\u0107 tytu\u0142 Honorowej Przewodnicz\u0105cej w uznaniu Jej ogromnego wk\u0142adu &hellip; <a href=\"https:\/\/cter.edu.pl\/?p=7538&#038;lang=pl\" class=\"more-link\">Continue reading <span class=\"screen-reader-text\">Prof. Mariusz Marczak Przewodnicz\u0105cym CTER na lata 2025-2028<\/span> <span class=\"meta-nav\">&rarr;<\/span><\/a><\/p>\n","protected":false},"author":1,"featured_media":0,"comment_status":"closed","ping_status":"closed","sticky":false,"template":"","format":"standard","meta":{"footnotes":""},"categories":[35],"tags":[],"class_list":["post-7538","post","type-post","status-publish","format-standard","hentry","category-bez-kategorii-pl"],"_links":{"self":[{"href":"https:\/\/cter.edu.pl\/index.php?rest_route=\/wp\/v2\/posts\/7538","targetHints":{"allow":["GET"]}}],"collection":[{"href":"https:\/\/cter.edu.pl\/index.php?rest_route=\/wp\/v2\/posts"}],"about":[{"href":"https:\/\/cter.edu.pl\/index.php?rest_route=\/wp\/v2\/types\/post"}],"author":[{"embeddable":true,"href":"https:\/\/cter.edu.pl\/index.php?rest_route=\/wp\/v2\/users\/1"}],"replies":[{"embeddable":true,"href":"https:\/\/cter.edu.pl\/index.php?rest_route=%2Fwp%2Fv2%2Fcomments&post=7538"}],"version-history":[{"count":7,"href":"https:\/\/cter.edu.pl\/index.php?rest_route=\/wp\/v2\/posts\/7538\/revisions"}],"predecessor-version":[{"id":7548,"href":"https:\/\/cter.edu.pl\/index.php?rest_route=\/wp\/v2\/posts\/7538\/revisions\/7548"}],"wp:attachment":[{"href":"https:\/\/cter.edu.pl\/index.php?rest_route=%2Fwp%2Fv2%2Fmedia&parent=7538"}],"wp:term":[{"taxonomy":"category","embeddable":true,"href":"https:\/\/cter.edu.pl\/index.php?rest_route=%2Fwp%2Fv2%2Fcategories&post=7538"},{"taxonomy":"post_tag","embeddable":true,"href":"https:\/\/cter.edu.pl\/index.php?rest_route=%2Fwp%2Fv2%2Ftags&post=7538"}],"curies":[{"name":"wp","href":"https:\/\/api.w.org\/{rel}","templated":true}]}}