{"id":7551,"date":"2025-06-27T22:21:46","date_gmt":"2025-06-27T20:21:46","guid":{"rendered":"https:\/\/cter.edu.pl\/?p=7551"},"modified":"2026-08-31T20:57:04","modified_gmt":"2026-08-31T18:57:04","slug":"st-jeromes-symposium-2025","status":"publish","type":"post","link":"https:\/\/cter.edu.pl\/?p=7551&lang=pl","title":{"rendered":"Hieronimki 2025 (30 wrze\u015bnia 2025, 15:00)"},"content":{"rendered":"<div class=\"wp-block-image\">\r\n<figure class=\"aligncenter size-full is-resized\"><img loading=\"lazy\" decoding=\"async\" width=\"549\" height=\"101\" class=\"wp-image-7564\" style=\"width: 404px; height: auto;\" src=\"https:\/\/cter.edu.pl\/wp-content\/uploads\/2025\/06\/logo2025-2.jpg\" alt=\"\" srcset=\"https:\/\/cter.edu.pl\/wp-content\/uploads\/2025\/06\/logo2025-2.jpg 549w, https:\/\/cter.edu.pl\/wp-content\/uploads\/2025\/06\/logo2025-2-300x55.jpg 300w\" sizes=\"auto, (max-width: 549px) 100vw, 549px\" \/><\/figure>\r\n<\/div>\r\n<p>Z przyjemno\u015bci\u0105 zapraszamy na Hieronimki 2025 (St Jerome&#8217;s Symposium), kt\u00f3re odb\u0119d\u0105 si\u0119 online 30 wrze\u015bnia 2025 r. w godzinach 15:00-16:30 (CEST, UTC +2). Jak zawsze, wydarzenie b\u0119dzie okazj\u0105 do spotkania si\u0119 wszystkich pasjonat\u00f3w t\u0142umaczenia i edukacji t\u0142umaczy oraz uczczenia Mi\u0119dzynarodowego Dnia T\u0142umacza.<\/p>\r\n<p>W tym roku Hieronimki organizujemy wsp\u00f3lnie z Association of Programmes in Translation and Interpreting (APTIS) w ramach partnerstwa CTER-APTIS, kt\u00f3re oficjalnie og\u0142osili\u015bmy podczas IV Kongresu CTER (CTER 2025).<\/p>\r\n<p>Podczas wydarzenia b\u0119dziemy mieli zaszczyt go\u015bci\u0107 specjalnego go\u015bcia z APTIS, dr. Davida Orrego-Carmon\u0119 (University of Warwick, Wielka Brytania; University of the Free State, RPA), kt\u00f3ry wyg\u0142osi wyk\u0142ad zatytu\u0142owany \u201eJak rozw\u00f3j technologii wp\u0142ywa na kszta\u0142cenie t\u0142umaczy\u201d.<\/p>\r\n<p>Szczeg\u00f3\u0142y, w tym infomacje na temat bezp\u0142atnej rejestracji, przes\u0142ali\u015bmy zarejestrowanym cz\u0142onkom CTER.<\/p>","protected":false},"excerpt":{"rendered":"<p>Z przyjemno\u015bci\u0105 zapraszamy na Hieronimki 2025 (St Jerome&#8217;s Symposium), kt\u00f3re odb\u0119d\u0105 si\u0119 online 30 wrze\u015bnia 2025 r. w godzinach 15:00-16:30 (CEST, UTC +2). Jak zawsze, wydarzenie b\u0119dzie okazj\u0105 do spotkania si\u0119 wszystkich pasjonat\u00f3w t\u0142umaczenia i edukacji t\u0142umaczy oraz uczczenia Mi\u0119dzynarodowego Dnia T\u0142umacza. W tym roku Hieronimki organizujemy wsp\u00f3lnie z Association of Programmes in Translation and &hellip; <a href=\"https:\/\/cter.edu.pl\/?p=7551&#038;lang=pl\" class=\"more-link\">Continue reading <span class=\"screen-reader-text\">Hieronimki 2025 (30 wrze\u015bnia 2025, 15:00)<\/span> <span class=\"meta-nav\">&rarr;<\/span><\/a><\/p>\n","protected":false},"author":1,"featured_media":0,"comment_status":"closed","ping_status":"closed","sticky":false,"template":"","format":"standard","meta":{"footnotes":""},"categories":[35],"tags":[],"class_list":["post-7551","post","type-post","status-publish","format-standard","hentry","category-bez-kategorii-pl"],"_links":{"self":[{"href":"https:\/\/cter.edu.pl\/index.php?rest_route=\/wp\/v2\/posts\/7551","targetHints":{"allow":["GET"]}}],"collection":[{"href":"https:\/\/cter.edu.pl\/index.php?rest_route=\/wp\/v2\/posts"}],"about":[{"href":"https:\/\/cter.edu.pl\/index.php?rest_route=\/wp\/v2\/types\/post"}],"author":[{"embeddable":true,"href":"https:\/\/cter.edu.pl\/index.php?rest_route=\/wp\/v2\/users\/1"}],"replies":[{"embeddable":true,"href":"https:\/\/cter.edu.pl\/index.php?rest_route=%2Fwp%2Fv2%2Fcomments&post=7551"}],"version-history":[{"count":10,"href":"https:\/\/cter.edu.pl\/index.php?rest_route=\/wp\/v2\/posts\/7551\/revisions"}],"predecessor-version":[{"id":7791,"href":"https:\/\/cter.edu.pl\/index.php?rest_route=\/wp\/v2\/posts\/7551\/revisions\/7791"}],"wp:attachment":[{"href":"https:\/\/cter.edu.pl\/index.php?rest_route=%2Fwp%2Fv2%2Fmedia&parent=7551"}],"wp:term":[{"taxonomy":"category","embeddable":true,"href":"https:\/\/cter.edu.pl\/index.php?rest_route=%2Fwp%2Fv2%2Fcategories&post=7551"},{"taxonomy":"post_tag","embeddable":true,"href":"https:\/\/cter.edu.pl\/index.php?rest_route=%2Fwp%2Fv2%2Ftags&post=7551"}],"curies":[{"name":"wp","href":"https:\/\/api.w.org\/{rel}","templated":true}]}}