{"id":7786,"date":"2026-08-31T20:54:25","date_gmt":"2026-08-31T18:54:25","guid":{"rendered":"https:\/\/cter.edu.pl\/?p=7786"},"modified":"2026-08-31T20:58:49","modified_gmt":"2026-08-31T18:58:49","slug":"hieronimki-2026","status":"publish","type":"post","link":"https:\/\/cter.edu.pl\/?p=7786&lang=pl","title":{"rendered":"Hieronimki 2026 (30 wrze\u015bnia 2026, 16:00)"},"content":{"rendered":"<p><strong>O WSP\u00d3\u0141PRACY \u015aRODOWISKA AKADEMICKIEGO Z BRAN\u017b\u0104 T\u0141UMACZENIOW\u0104<\/strong><\/p>\n<p><img decoding=\"async\" src=\"\/wp-content\/uploads\/2026\/08\/sjs2026_logo.jpg\" \/><\/p>\n<p>Kontynuuj\u0105c ugruntowan\u0105 ju\u017c tradycj\u0119 corocznych obchod\u00f3w <em>Mi\u0119dzynarodowego Dnia T\u0142umacza<\/em> za po\u015brednictwem Hieronimk\u00f3w (SJS), kt\u00f3re organizujemy zawsze <strong>30<\/strong> <strong>wrze\u015bnia <\/strong>, na tegoroczn\u0105 edycj\u0119 (<strong>SJS 2026<\/strong>) zapraszamy online w godzinach 16.00\u201317.30 (CEST, UTC +2). G\u0142\u00f3wnym tematem SJS 2026 b\u0119dzie wsp\u00f3\u0142praca \u015brodowiska akademickiego z bran\u017c\u0105 t\u0142umaczeniow\u0105 z perspektywy obu stron. W trakcie spotkania zaproszeni nauczyciele i badacze przek\u0142adu oraz przedstawiciele bran\u017cy podziel\u0105 si\u0119 swoimi pogl\u0105dami na temat wybranych aspekt\u00f3w wspomnianej wsp\u00f3\u0142pracy.<\/p>\n<p><strong>Zarejestrowani uczestnicy otrzymaj\u0105 e-mailem <\/strong>link do spotkania, a na kr\u00f3tko przed wydarzeniem prze\u015blemy <strong>harmonogram spotkania.<\/strong><\/p>\n","protected":false},"excerpt":{"rendered":"<p>O WSP\u00d3\u0141PRACY \u015aRODOWISKA AKADEMICKIEGO Z BRAN\u017b\u0104 T\u0141UMACZENIOW\u0104 Kontynuuj\u0105c ugruntowan\u0105 ju\u017c tradycj\u0119 corocznych obchod\u00f3w Mi\u0119dzynarodowego Dnia T\u0142umacza za po\u015brednictwem Hieronimk\u00f3w (SJS), kt\u00f3re organizujemy zawsze 30 wrze\u015bnia , na tegoroczn\u0105 edycj\u0119 (SJS 2026) zapraszamy online w godzinach 16.00\u201317.30 (CEST, UTC +2). G\u0142\u00f3wnym tematem SJS 2026 b\u0119dzie wsp\u00f3\u0142praca \u015brodowiska akademickiego z bran\u017c\u0105 t\u0142umaczeniow\u0105 z perspektywy obu stron. W &hellip; <a href=\"https:\/\/cter.edu.pl\/?p=7786&#038;lang=pl\" class=\"more-link\">Continue reading <span class=\"screen-reader-text\">Hieronimki 2026 (30 wrze\u015bnia 2026, 16:00)<\/span> <span class=\"meta-nav\">&rarr;<\/span><\/a><\/p>\n","protected":false},"author":1,"featured_media":7780,"comment_status":"closed","ping_status":"closed","sticky":false,"template":"","format":"image","meta":{"footnotes":""},"categories":[35],"tags":[],"class_list":["post-7786","post","type-post","status-publish","format-image","has-post-thumbnail","hentry","category-bez-kategorii-pl","post_format-post-format-image"],"_links":{"self":[{"href":"https:\/\/cter.edu.pl\/index.php?rest_route=\/wp\/v2\/posts\/7786","targetHints":{"allow":["GET"]}}],"collection":[{"href":"https:\/\/cter.edu.pl\/index.php?rest_route=\/wp\/v2\/posts"}],"about":[{"href":"https:\/\/cter.edu.pl\/index.php?rest_route=\/wp\/v2\/types\/post"}],"author":[{"embeddable":true,"href":"https:\/\/cter.edu.pl\/index.php?rest_route=\/wp\/v2\/users\/1"}],"replies":[{"embeddable":true,"href":"https:\/\/cter.edu.pl\/index.php?rest_route=%2Fwp%2Fv2%2Fcomments&post=7786"}],"version-history":[{"count":4,"href":"https:\/\/cter.edu.pl\/index.php?rest_route=\/wp\/v2\/posts\/7786\/revisions"}],"predecessor-version":[{"id":7793,"href":"https:\/\/cter.edu.pl\/index.php?rest_route=\/wp\/v2\/posts\/7786\/revisions\/7793"}],"wp:attachment":[{"href":"https:\/\/cter.edu.pl\/index.php?rest_route=%2Fwp%2Fv2%2Fmedia&parent=7786"}],"wp:term":[{"taxonomy":"category","embeddable":true,"href":"https:\/\/cter.edu.pl\/index.php?rest_route=%2Fwp%2Fv2%2Fcategories&post=7786"},{"taxonomy":"post_tag","embeddable":true,"href":"https:\/\/cter.edu.pl\/index.php?rest_route=%2Fwp%2Fv2%2Ftags&post=7786"}],"curies":[{"name":"wp","href":"https:\/\/api.w.org\/{rel}","templated":true}]}}